{"id":82522,"date":"2022-02-16T13:50:16","date_gmt":"2022-02-16T16:50:16","guid":{"rendered":"https:\/\/www.actualidadadiario.com\/?p=82522"},"modified":"2022-02-16T13:50:27","modified_gmt":"2022-02-16T16:50:27","slug":"alberto-prepara-el-borrador-de-su-discurso-para-la-apertura-de-las-sesiones-ordinarias","status":"publish","type":"post","link":"https:\/\/www.actualidadadiario.com\/index.php\/2022\/02\/16\/alberto-prepara-el-borrador-de-su-discurso-para-la-apertura-de-las-sesiones-ordinarias\/","title":{"rendered":"Alberto prepara el borrador de su discurso para la apertura de las sesiones ordinarias"},"content":{"rendered":"<p style=\"text-align: center;\"><em><strong>Fuentes de la Casa Rosada precisaron que el jefe de Estado buscar\u00e1 instalar una serie de temas que ser\u00e1n los &#8220;centrales&#8221; para el periodo restante de su mandato<\/strong><\/em><\/p>\n<p>&nbsp;<\/p>\n<p>&nbsp;<\/p>\n<p>El presidente Alberto Fern\u00e1ndez ya prepara el borrador del discurso que realizar\u00e1 en de Apertura del 140\u00b0 Per\u00edodo de Sesiones Ordinarias en el Congreso de la Naci\u00f3n, el pr\u00f3ximo 1\u00ba de marzo, en el que buscar\u00e1 instalar una serie de temas que ser\u00e1n los &#8220;centrales&#8221; para el periodo que resta de su mandato.<\/p>\n<p>As\u00ed lo indicaron fuentes de la Casa Rosada, que precisaron que el asesor presidencial Alejandro Grimson y el secretario general de la Presidencia, Julio Vitobello, son los colaboradores con los que el Presidente comenz\u00f3 a elaborar su discurso.<\/p>\n<p>&#8220;Desde diciembre los ministerios env\u00edan informes de gesti\u00f3n a la Secretar\u00eda General de la Presidencia que va trabajando los informes junto con Alejandro Grimson, que es quien hace la propuesta de discurso al Presidente y terminan de trabajarlo juntos&#8221;, graficaron.<\/p>\n<p>A dos semanas de que Fern\u00e1ndez deba inaugurar el per\u00edodo de sesiones ordinarias del Congreso, la Secretar\u00eda General de la Presidencia contin\u00faa recibiendo las &#8220;metas anuales&#8221; planteadas por cada ministerio nacional, lo que derivar\u00e1 en diferentes programas de Gobierno.<\/p>\n<p>En ese marco, el oficialismo se encuentra trabajando junto al Ministerio de Salud, que lidera Carla Vizzotti, en un Plan de Salud Mental que permita abordar los traumas derivados de la pandemia del coronavirus.<\/p>\n<p>Dentro de la serie de temas que ser\u00e1n prioritarios en la pr\u00f3xima etapa del Gobierno se encuentran los proyectos abocados al desarrollo econ\u00f3mico y aquellos vinculados al ambiente y el cambio clim\u00e1tico.<\/p>\n<p>Adem\u00e1s, la cuesti\u00f3n de g\u00e9nero ser\u00e1 otro de los grandes ejes, motivo por el que desde el oficialismo se trabaja en un proyecto para licencias compartidas por el nacimiento de un hijo, con el fin de que genere un mayor equilibrio en las tareas de cuidado.<\/p>\n<p>El objetivo del Presidente y su equipo es que el discurso del pr\u00f3ximo 1\u00ba de marzo funcione como &#8220;un momento bisagra&#8221; para su gesti\u00f3n, en el que una vez superado el acuerdo con el Fondo Monetario Internacional (FMI) y los momentos m\u00e1s cr\u00edticos de la pandemia pueda enfocarse en los temas por los que el Ejecutivo &#8220;quiere ser recordado&#8221;.<\/p>\n<p>Luego de que se aceleraran las conversaciones entre el staff del FMI y el equipo del ministro de Econom\u00eda, Mart\u00edn Guzm\u00e1n, en la Casa de Gobierno consideran que se podr\u00eda llegar al Congreso de la Naci\u00f3n con el acuerdo firmado con el Fondo en los primeros d\u00edas de marzo.<\/p>\n<p>Por \u00faltimo, las mismas fuentes se\u00f1alaron que las conversaciones sobre el acuerdo con el FMI est\u00e1n siendo llevadas a cabo en el Parlamento por el titular de la C\u00e1mara de Diputados, Sergio Massa, mientras que el jefe de Gabinete, Juan Manzur, y el ministro del Interior, Eduardo de Pedro, son los encargados del di\u00e1logo con los gobernadores.<\/p>\n","protected":false},"excerpt":{"rendered":"<p>Fuentes de la Casa Rosada precisaron que el jefe de Estado buscar\u00e1 instalar una serie de temas que ser\u00e1n los &#8220;centrales&#8221; para el periodo restante de su mandato &nbsp; &nbsp; El presidente Alberto Fern\u00e1ndez ya prepara el borrador del discurso que realizar\u00e1 en de Apertura del 140\u00b0 Per\u00edodo de Sesiones Ordinarias en el Congreso de la Naci\u00f3n, el pr\u00f3ximo 1\u00ba de marzo, en el que buscar\u00e1 instalar una serie de temas que ser\u00e1n los &#8220;centrales&#8221; para el periodo que resta de su mandato. As\u00ed lo indicaron fuentes de la Casa&#8230;<\/p>\n","protected":false},"author":3,"featured_media":82523,"comment_status":"closed","ping_status":"closed","sticky":false,"template":"","format":"standard","meta":[],"categories":[9],"tags":[],"_links":{"self":[{"href":"https:\/\/www.actualidadadiario.com\/index.php\/wp-json\/wp\/v2\/posts\/82522"}],"collection":[{"href":"https:\/\/www.actualidadadiario.com\/index.php\/wp-json\/wp\/v2\/posts"}],"about":[{"href":"https:\/\/www.actualidadadiario.com\/index.php\/wp-json\/wp\/v2\/types\/post"}],"author":[{"embeddable":true,"href":"https:\/\/www.actualidadadiario.com\/index.php\/wp-json\/wp\/v2\/users\/3"}],"replies":[{"embeddable":true,"href":"https:\/\/www.actualidadadiario.com\/index.php\/wp-json\/wp\/v2\/comments?post=82522"}],"version-history":[{"count":2,"href":"https:\/\/www.actualidadadiario.com\/index.php\/wp-json\/wp\/v2\/posts\/82522\/revisions"}],"predecessor-version":[{"id":82525,"href":"https:\/\/www.actualidadadiario.com\/index.php\/wp-json\/wp\/v2\/posts\/82522\/revisions\/82525"}],"wp:featuredmedia":[{"embeddable":true,"href":"https:\/\/www.actualidadadiario.com\/index.php\/wp-json\/wp\/v2\/media\/82523"}],"wp:attachment":[{"href":"https:\/\/www.actualidadadiario.com\/index.php\/wp-json\/wp\/v2\/media?parent=82522"}],"wp:term":[{"taxonomy":"category","embeddable":true,"href":"https:\/\/www.actualidadadiario.com\/index.php\/wp-json\/wp\/v2\/categories?post=82522"},{"taxonomy":"post_tag","embeddable":true,"href":"https:\/\/www.actualidadadiario.com\/index.php\/wp-json\/wp\/v2\/tags?post=82522"}],"curies":[{"name":"wp","href":"https:\/\/api.w.org\/{rel}","templated":true}]}}