{"id":82516,"date":"2022-02-16T13:48:58","date_gmt":"2022-02-16T16:48:58","guid":{"rendered":"https:\/\/www.actualidadadiario.com\/?p=82516"},"modified":"2022-02-16T13:48:58","modified_gmt":"2022-02-16T16:48:58","slug":"alimentos-chaquenos-la-iniciativa-provincial-que-busca-frenar-la-inflacion-y-generar-produccion-local","status":"publish","type":"post","link":"https:\/\/www.actualidadadiario.com\/index.php\/2022\/02\/16\/alimentos-chaquenos-la-iniciativa-provincial-que-busca-frenar-la-inflacion-y-generar-produccion-local\/","title":{"rendered":"Alimentos chaque\u00f1os, la iniciativa provincial que busca frenar la inflaci\u00f3n y generar producci\u00f3n local"},"content":{"rendered":"<p style=\"text-align: center;\"><em><strong>Jorge Capitanich lanz\u00f3 una propuesta junto a productores locales de alimentos para que el Estado provincial compre productos nacionales y los distribuya seg\u00fan las necesidades<\/strong><\/em><\/p>\n<p>&nbsp;<\/p>\n<p>&nbsp;<\/p>\n<p>El gobernador del Chaco, Jorge Capitanich, puso en marcha en su provincia una iniciativa junto a productores locales de alimentos para que el Estado provincial compre productos nacionales y los distribuya seg\u00fan las necesidades.<\/p>\n<p>La propuesta aporta al debate sobre las medidas para frenar la inflaci\u00f3n de hasta dos d\u00edgitos en los alimentos y cu\u00e1les podr\u00edan ser las soluciones para enfrentarla. En ese marco, ya se habla de crear una Empresa Nacional de Alimentos para enfriar el alza de precios.<\/p>\n<p>&#8220;Alimentos chaque\u00f1os&#8221; implica que el Estado provincial promueva la compra de alimentos a productores locales, para el abastecimiento de m\u00f3dulos alimentarios, comedores y merenderos. Adem\u00e1s, se desarrolla g\u00f3ndolas espec\u00edficas con productos chaque\u00f1os junto a supermercados, para potenciar la industria local, articulando con el uso de la tarjeta Tuya Alimentar, que representa ingresos por m\u00e1s de 300 millones de pesos para la econom\u00eda local.<\/p>\n<p>De la iniciativa participan el Nuevo Banco del Chaco, el Ministerio de Desarrollo Social y la Cadena de Supermercados y Autoservicios de la provincia. La oferta inicial para la presentaci\u00f3n de la primera g\u00f3ndola es de 15 marcas, que incluyen mieles, dulces, arroz, harinas, snacks, encurtidos, y panificados. Se garantiza una dotaci\u00f3n de productos para la exhibici\u00f3n y para reposici\u00f3n.<\/p>\n<p>El \u201ccompre local\u201d chaque\u00f1o viene promocion\u00e1ndose por el gobierno desde hace bastante tiempo, sin embargo a\u00fan la ciudadan\u00eda chaque\u00f1a desconoce que en las g\u00f3ndolas puede conseguir m\u00e1s de 403 productos alimenticios de m\u00e1s de 30 empresas radicadas y habilitadas para esta actividad en la provincia y que fueron reunidas bajo la marca: \u201cAlimentos chaque\u00f1os\u201d.<\/p>\n<p>En la provincia aseguran que es un cambio en la forma de comprar de los consumidores, para optar por las marcas locales a \u201cbuenos precios\u201d, dejando de lado las reconocidas del mercado de empresas multinacionales. Si ese cambio se da, y los productos que se ofrecen son de buena calidad, sostienen que ganan ambos: el consumidor y la producci\u00f3n local, adem\u00e1s de la provincia porque el circuito de dinero \u201cse queda en casa\u201d y eso a su vez genera crecimiento.<\/p>\n<p>\u201cTenemos el deber como chaque\u00f1os de producir lo que consumimos y tenemos el orgullo de consumir productos chaque\u00f1os. Pretendemos que en el a\u00f1o 2021 podamos contar con m\u00e1s productos como arroz fraccionado, polenta, entre otros\u201d, dijo el primer mandatario en aquel entonces.<\/p>\n<p>El acuerdo del 2020 fue firmado con representantes de la C\u00e1mara Argentina de Supermercados (CAS) y preve\u00eda mantener una oferta m\u00ednima de 10 marcas de alimentos locales durante al menos un a\u00f1o. Los productos se presentaron en una g\u00f3ndola exclusiva de productos fabricados, elaborados, envasados y fraccionados en la provincia. En una segunda etapa, se busc\u00f3 agregar productos congelados.<\/p>\n<p>\u201cContar con estas g\u00f3ndolas es un orgullo como chaque\u00f1o y argentino, y entendemos que la reactivaci\u00f3n econ\u00f3mica comienza a partir de estas iniciativas. Queremos que el esfuerzo y el sacrificio de nuestros productores se ponga cada vez m\u00e1s en valor\u201d, remarc\u00f3 Capitanich al lanzar la iniciativa.<\/p>\n","protected":false},"excerpt":{"rendered":"<p>Jorge Capitanich lanz\u00f3 una propuesta junto a productores locales de alimentos para que el Estado provincial compre productos nacionales y los distribuya seg\u00fan las necesidades &nbsp; &nbsp; El gobernador del Chaco, Jorge Capitanich, puso en marcha en su provincia una iniciativa junto a productores locales de alimentos para que el Estado provincial compre productos nacionales y los distribuya seg\u00fan las necesidades. La propuesta aporta al debate sobre las medidas para frenar la inflaci\u00f3n de hasta dos d\u00edgitos en los alimentos y cu\u00e1les podr\u00edan ser las soluciones para enfrentarla. En ese&#8230;<\/p>\n","protected":false},"author":3,"featured_media":82517,"comment_status":"closed","ping_status":"closed","sticky":false,"template":"","format":"standard","meta":[],"categories":[2],"tags":[],"_links":{"self":[{"href":"https:\/\/www.actualidadadiario.com\/index.php\/wp-json\/wp\/v2\/posts\/82516"}],"collection":[{"href":"https:\/\/www.actualidadadiario.com\/index.php\/wp-json\/wp\/v2\/posts"}],"about":[{"href":"https:\/\/www.actualidadadiario.com\/index.php\/wp-json\/wp\/v2\/types\/post"}],"author":[{"embeddable":true,"href":"https:\/\/www.actualidadadiario.com\/index.php\/wp-json\/wp\/v2\/users\/3"}],"replies":[{"embeddable":true,"href":"https:\/\/www.actualidadadiario.com\/index.php\/wp-json\/wp\/v2\/comments?post=82516"}],"version-history":[{"count":1,"href":"https:\/\/www.actualidadadiario.com\/index.php\/wp-json\/wp\/v2\/posts\/82516\/revisions"}],"predecessor-version":[{"id":82518,"href":"https:\/\/www.actualidadadiario.com\/index.php\/wp-json\/wp\/v2\/posts\/82516\/revisions\/82518"}],"wp:featuredmedia":[{"embeddable":true,"href":"https:\/\/www.actualidadadiario.com\/index.php\/wp-json\/wp\/v2\/media\/82517"}],"wp:attachment":[{"href":"https:\/\/www.actualidadadiario.com\/index.php\/wp-json\/wp\/v2\/media?parent=82516"}],"wp:term":[{"taxonomy":"category","embeddable":true,"href":"https:\/\/www.actualidadadiario.com\/index.php\/wp-json\/wp\/v2\/categories?post=82516"},{"taxonomy":"post_tag","embeddable":true,"href":"https:\/\/www.actualidadadiario.com\/index.php\/wp-json\/wp\/v2\/tags?post=82516"}],"curies":[{"name":"wp","href":"https:\/\/api.w.org\/{rel}","templated":true}]}}