{"id":8251,"date":"2017-03-10T10:40:51","date_gmt":"2017-03-10T13:40:51","guid":{"rendered":"http:\/\/actualidadadiario.com\/site\/?p=8251"},"modified":"2017-03-10T10:40:51","modified_gmt":"2017-03-10T13:40:51","slug":"afip-firmara-acuerdo-de-intercambio-de-informacion-tributaria-con-brasil","status":"publish","type":"post","link":"https:\/\/www.actualidadadiario.com\/index.php\/2017\/03\/10\/afip-firmara-acuerdo-de-intercambio-de-informacion-tributaria-con-brasil\/","title":{"rendered":"AFIP firmar\u00e1 acuerdo de intercambio de informaci\u00f3n tributaria con Brasil"},"content":{"rendered":"<p><em><strong>La Administraci\u00f3n Federal de Ingresos P\u00fablicos (AFIP) firmar\u00e1 el viernes 17 de marzo un acuerdo de intercambio de informaci\u00f3n autom\u00e1tico con Brasil, que permitir\u00e1 identificar las propiedades, y otros activos, que los argentinos tengan en ese pa\u00eds<\/strong><\/em><\/p>\n<p>&nbsp;<\/p>\n<p>&nbsp;<\/p>\n<p>&nbsp;<\/p>\n<p>&nbsp;<\/p>\n<p>&nbsp;<\/p>\n<p>Este acuerdo prev\u00e9 el cruce de informaci\u00f3n de per\u00edodos fiscales anteriores al a\u00f1o en curso, destac\u00f3 la AFIP a trav\u00e9s de un comunicado de prensa.<\/p>\n<p>&nbsp;<\/p>\n<p>El titular de la AFIP, Alberto Abad, viaj\u00f3 en octubre del a\u00f1o pasado a Brasilia y como resultado de su gesti\u00f3n oficial recab\u00f3 una serie de datos sobre tenencias de argentinos en esa naci\u00f3n.<\/p>\n<p>&nbsp;<\/p>\n<p>Brasil inform\u00f3 entonces sobre cuentas bancarias de 11.000 argentinos, de las cuales las 134 m\u00e1s importantes sumaban u$s 90 millones, adem\u00e1s de operaciones inmobiliarias de 1.106 argentinos, entre los cuales, los 142 casos m\u00e1s relevantes reun\u00edan 140 millones de la misma moneda, adem\u00e1s de automotores.<\/p>\n","protected":false},"excerpt":{"rendered":"<p>La Administraci\u00f3n Federal de Ingresos P\u00fablicos (AFIP) firmar\u00e1 el viernes 17 de marzo un acuerdo de intercambio de informaci\u00f3n autom\u00e1tico con Brasil, que permitir\u00e1 identificar las propiedades, y otros activos, que los argentinos tengan en ese pa\u00eds &nbsp; &nbsp; &nbsp; &nbsp; &nbsp; Este acuerdo prev\u00e9 el cruce de informaci\u00f3n de per\u00edodos fiscales anteriores al a\u00f1o en curso, destac\u00f3 la AFIP a trav\u00e9s de un comunicado de prensa. &nbsp; El titular de la AFIP, Alberto Abad, viaj\u00f3 en octubre del a\u00f1o pasado a Brasilia y como resultado de su gesti\u00f3n oficial&#8230;<\/p>\n","protected":false},"author":3,"featured_media":8252,"comment_status":"closed","ping_status":"closed","sticky":false,"template":"","format":"standard","meta":[],"categories":[2],"tags":[],"_links":{"self":[{"href":"https:\/\/www.actualidadadiario.com\/index.php\/wp-json\/wp\/v2\/posts\/8251"}],"collection":[{"href":"https:\/\/www.actualidadadiario.com\/index.php\/wp-json\/wp\/v2\/posts"}],"about":[{"href":"https:\/\/www.actualidadadiario.com\/index.php\/wp-json\/wp\/v2\/types\/post"}],"author":[{"embeddable":true,"href":"https:\/\/www.actualidadadiario.com\/index.php\/wp-json\/wp\/v2\/users\/3"}],"replies":[{"embeddable":true,"href":"https:\/\/www.actualidadadiario.com\/index.php\/wp-json\/wp\/v2\/comments?post=8251"}],"version-history":[{"count":1,"href":"https:\/\/www.actualidadadiario.com\/index.php\/wp-json\/wp\/v2\/posts\/8251\/revisions"}],"predecessor-version":[{"id":8253,"href":"https:\/\/www.actualidadadiario.com\/index.php\/wp-json\/wp\/v2\/posts\/8251\/revisions\/8253"}],"wp:featuredmedia":[{"embeddable":true,"href":"https:\/\/www.actualidadadiario.com\/index.php\/wp-json\/wp\/v2\/media\/8252"}],"wp:attachment":[{"href":"https:\/\/www.actualidadadiario.com\/index.php\/wp-json\/wp\/v2\/media?parent=8251"}],"wp:term":[{"taxonomy":"category","embeddable":true,"href":"https:\/\/www.actualidadadiario.com\/index.php\/wp-json\/wp\/v2\/categories?post=8251"},{"taxonomy":"post_tag","embeddable":true,"href":"https:\/\/www.actualidadadiario.com\/index.php\/wp-json\/wp\/v2\/tags?post=8251"}],"curies":[{"name":"wp","href":"https:\/\/api.w.org\/{rel}","templated":true}]}}