{"id":82484,"date":"2022-02-15T14:56:03","date_gmt":"2022-02-15T17:56:03","guid":{"rendered":"https:\/\/www.actualidadadiario.com\/?p=82484"},"modified":"2022-02-15T14:56:03","modified_gmt":"2022-02-15T17:56:03","slug":"canada-declara-la-emergencia-nacional","status":"publish","type":"post","link":"https:\/\/www.actualidadadiario.com\/index.php\/2022\/02\/15\/canada-declara-la-emergencia-nacional\/","title":{"rendered":"Canad\u00e1 declara la emergencia nacional"},"content":{"rendered":"<p style=\"text-align: center;\"><em><strong>El primer ministro canadiense, Justin Trudeau, declar\u00f3 emergencia p\u00fablica nacional para poner fin a las protestas contra las restricciones anti Covid que paralizaron la capital y el tr\u00e1fico comercial en la frontera con Estados Unidos<\/strong><\/em><\/p>\n<p>&nbsp;<\/p>\n<p>&nbsp;<\/p>\n<p>La decisi\u00f3n, la primera de este tipo en medio siglo, le permite suspender temporalmente las libertades civiles para restablecer el orden p\u00fablico, por ejemplo, prohibiendo las reuniones p\u00fablicas o restringiendo los viajes hacia o desde \u00e1reas espec\u00edficas. Pero debe ser aprobado por el parlamento dentro de una semana.<\/p>\n<p>La \u00fanica vez que se recurri\u00f3 a estos poderes fue durante el mandato del exprimer ministro Pierre Trudeau -padre del actual mandatario- durante la llamada &#8220;Crisis de Octubre&#8221; en 1970, cuando se produjeron los secuestros de un pol\u00edtico canadiense y un diplom\u00e1tico brit\u00e1nico por un grupo terrorista conocido como Frente de Liberaci\u00f3n de Quebec.<\/p>\n<p>Durante las dos guerras mundiales, tambi\u00e9n estos poderes fueron activados.<\/p>\n<p>Las manifestaciones de camioneros contra la vacunaci\u00f3n obligatoria para los trayectos transfronterizos, impuesta por el gobierno el pasado 15 de enero, paraliz\u00f3 adem\u00e1s partes de la capital canadiense.<\/p>\n<p>&#8220;Los bloqueos est\u00e1n lastimando nuestra econom\u00eda y ponen en peligro la seguridad p\u00fablica&#8221;, dijo Trudeau en una conferencia de prensa.<\/p>\n<p>&#8220;No podemos permitir que estas peligrosas e ilegales actividades contin\u00faen&#8221;.<\/p>\n<p>El autodenominado &#8220;Convoy de la libertad&#8221; provoc\u00f3 p\u00e9rdidas millonarias a los dos pa\u00edses vecinos y afect\u00f3 especialmente a la industria automotriz.<\/p>\n<p>Las protestas comenzaron el pasado 29 de enero cuando centenares de transportistas condujeron a Ottawa para mostrar su rechazo a la vacunaci\u00f3n obligatoria.<\/p>\n<p>Otras capitales provinciales (como Quebec, Toronto o Winnipeg) se sumaron despu\u00e9s con manifestaciones locales.<\/p>\n<p>La capital, cuyo centro qued\u00f3 paralizado por cientos de camiones, declar\u00f3 el estado de emergencia el pasado 6 de febrero.<\/p>\n","protected":false},"excerpt":{"rendered":"<p>El primer ministro canadiense, Justin Trudeau, declar\u00f3 emergencia p\u00fablica nacional para poner fin a las protestas contra las restricciones anti Covid que paralizaron la capital y el tr\u00e1fico comercial en la frontera con Estados Unidos &nbsp; &nbsp; La decisi\u00f3n, la primera de este tipo en medio siglo, le permite suspender temporalmente las libertades civiles para restablecer el orden p\u00fablico, por ejemplo, prohibiendo las reuniones p\u00fablicas o restringiendo los viajes hacia o desde \u00e1reas espec\u00edficas. Pero debe ser aprobado por el parlamento dentro de una semana. La \u00fanica vez que se&#8230;<\/p>\n","protected":false},"author":3,"featured_media":82485,"comment_status":"closed","ping_status":"closed","sticky":false,"template":"","format":"standard","meta":[],"categories":[4],"tags":[],"_links":{"self":[{"href":"https:\/\/www.actualidadadiario.com\/index.php\/wp-json\/wp\/v2\/posts\/82484"}],"collection":[{"href":"https:\/\/www.actualidadadiario.com\/index.php\/wp-json\/wp\/v2\/posts"}],"about":[{"href":"https:\/\/www.actualidadadiario.com\/index.php\/wp-json\/wp\/v2\/types\/post"}],"author":[{"embeddable":true,"href":"https:\/\/www.actualidadadiario.com\/index.php\/wp-json\/wp\/v2\/users\/3"}],"replies":[{"embeddable":true,"href":"https:\/\/www.actualidadadiario.com\/index.php\/wp-json\/wp\/v2\/comments?post=82484"}],"version-history":[{"count":1,"href":"https:\/\/www.actualidadadiario.com\/index.php\/wp-json\/wp\/v2\/posts\/82484\/revisions"}],"predecessor-version":[{"id":82486,"href":"https:\/\/www.actualidadadiario.com\/index.php\/wp-json\/wp\/v2\/posts\/82484\/revisions\/82486"}],"wp:featuredmedia":[{"embeddable":true,"href":"https:\/\/www.actualidadadiario.com\/index.php\/wp-json\/wp\/v2\/media\/82485"}],"wp:attachment":[{"href":"https:\/\/www.actualidadadiario.com\/index.php\/wp-json\/wp\/v2\/media?parent=82484"}],"wp:term":[{"taxonomy":"category","embeddable":true,"href":"https:\/\/www.actualidadadiario.com\/index.php\/wp-json\/wp\/v2\/categories?post=82484"},{"taxonomy":"post_tag","embeddable":true,"href":"https:\/\/www.actualidadadiario.com\/index.php\/wp-json\/wp\/v2\/tags?post=82484"}],"curies":[{"name":"wp","href":"https:\/\/api.w.org\/{rel}","templated":true}]}}