{"id":82481,"date":"2022-02-15T13:41:26","date_gmt":"2022-02-15T16:41:26","guid":{"rendered":"https:\/\/www.actualidadadiario.com\/?p=82481"},"modified":"2022-02-15T13:41:26","modified_gmt":"2022-02-15T16:41:26","slug":"bordet-abrira-sesiones-ordinarias-con-la-presencia-de-manzur","status":"publish","type":"post","link":"https:\/\/www.actualidadadiario.com\/index.php\/2022\/02\/15\/bordet-abrira-sesiones-ordinarias-con-la-presencia-de-manzur\/","title":{"rendered":"Bordet abrir\u00e1 sesiones ordinarias con la presencia de Manzur"},"content":{"rendered":"<p style=\"text-align: center;\"><em><strong>Como se informara, el gobernador brindar\u00e1 su mensaje ante la Asamblea Legislativa este martes y dar\u00e1 la apertura del 143\u00b0 periodo de sesiones ordinarias de Entre R\u00edos<\/strong><\/em><\/p>\n<p>&nbsp;<\/p>\n<p>&nbsp;<\/p>\n<p>Para este martes, se confirm\u00f3 la presencia del Jefe de Gabinete de la Naci\u00f3n, el tucumano Juan Manzur; seg\u00fan la agenda oficial del gabinete nacional.<\/p>\n<p>El discurso del gobernador Gustavo Bordet ante la Asamblea Legislativa se realiza, como se establece en la Constituci\u00f3n provincial, este 15 de febrero. Ser\u00e1 a las 19 horas en el Centro Provincial de Convenciones, en Paran\u00e1.<\/p>\n<p>El acto contar\u00e1 tambi\u00e9n con la presencia de senadores, diputados, la vicegobernadora Laura Stratta, ministros del gabinete provincial, representantes de la Justicia, legisladores nacionales, referentes empresariales, sindicales y eclesi\u00e1sticos.<\/p>\n<p>Seg\u00fan hizo trascender el propio gobierno entrerriano, se espera un discurso centrado en la reactivaci\u00f3n econ\u00f3mica, la creaci\u00f3n de fuentes de trabajo, producci\u00f3n y conocimiento, &#8220;los pilares del despliegue del potencial productivo de la provincia&#8221;.<\/p>\n<p>&#8220;Infraestructura para la producci\u00f3n, pol\u00edticas que facilitan el acceso al cr\u00e9dito para la inversi\u00f3n productiva, y la promoci\u00f3n del desarrollo cient\u00edfico y tecnol\u00f3gico de Entre R\u00edos&#8221;, ser\u00e1n algunos de los ejes del mensaje del mandatario para el per\u00edodo que se abre este a\u00f1o.<\/p>\n","protected":false},"excerpt":{"rendered":"<p>Como se informara, el gobernador brindar\u00e1 su mensaje ante la Asamblea Legislativa este martes y dar\u00e1 la apertura del 143\u00b0 periodo de sesiones ordinarias de Entre R\u00edos &nbsp; &nbsp; Para este martes, se confirm\u00f3 la presencia del Jefe de Gabinete de la Naci\u00f3n, el tucumano Juan Manzur; seg\u00fan la agenda oficial del gabinete nacional. El discurso del gobernador Gustavo Bordet ante la Asamblea Legislativa se realiza, como se establece en la Constituci\u00f3n provincial, este 15 de febrero. Ser\u00e1 a las 19 horas en el Centro Provincial de Convenciones, en Paran\u00e1&#8230;.<\/p>\n","protected":false},"author":3,"featured_media":82482,"comment_status":"closed","ping_status":"closed","sticky":false,"template":"","format":"standard","meta":[],"categories":[9,15],"tags":[],"_links":{"self":[{"href":"https:\/\/www.actualidadadiario.com\/index.php\/wp-json\/wp\/v2\/posts\/82481"}],"collection":[{"href":"https:\/\/www.actualidadadiario.com\/index.php\/wp-json\/wp\/v2\/posts"}],"about":[{"href":"https:\/\/www.actualidadadiario.com\/index.php\/wp-json\/wp\/v2\/types\/post"}],"author":[{"embeddable":true,"href":"https:\/\/www.actualidadadiario.com\/index.php\/wp-json\/wp\/v2\/users\/3"}],"replies":[{"embeddable":true,"href":"https:\/\/www.actualidadadiario.com\/index.php\/wp-json\/wp\/v2\/comments?post=82481"}],"version-history":[{"count":1,"href":"https:\/\/www.actualidadadiario.com\/index.php\/wp-json\/wp\/v2\/posts\/82481\/revisions"}],"predecessor-version":[{"id":82483,"href":"https:\/\/www.actualidadadiario.com\/index.php\/wp-json\/wp\/v2\/posts\/82481\/revisions\/82483"}],"wp:featuredmedia":[{"embeddable":true,"href":"https:\/\/www.actualidadadiario.com\/index.php\/wp-json\/wp\/v2\/media\/82482"}],"wp:attachment":[{"href":"https:\/\/www.actualidadadiario.com\/index.php\/wp-json\/wp\/v2\/media?parent=82481"}],"wp:term":[{"taxonomy":"category","embeddable":true,"href":"https:\/\/www.actualidadadiario.com\/index.php\/wp-json\/wp\/v2\/categories?post=82481"},{"taxonomy":"post_tag","embeddable":true,"href":"https:\/\/www.actualidadadiario.com\/index.php\/wp-json\/wp\/v2\/tags?post=82481"}],"curies":[{"name":"wp","href":"https:\/\/api.w.org\/{rel}","templated":true}]}}