{"id":82476,"date":"2022-02-15T13:40:09","date_gmt":"2022-02-15T16:40:09","guid":{"rendered":"https:\/\/www.actualidadadiario.com\/?p=82476"},"modified":"2022-02-15T13:40:09","modified_gmt":"2022-02-15T16:40:09","slug":"diputados-giano-sigue-como-presidente-navarro-continua-comandando-el-pj-y-cusinato-preside-cambiemos","status":"publish","type":"post","link":"https:\/\/www.actualidadadiario.com\/index.php\/2022\/02\/15\/diputados-giano-sigue-como-presidente-navarro-continua-comandando-el-pj-y-cusinato-preside-cambiemos\/","title":{"rendered":"Diputados: Giano sigue como presidente, Navarro contin\u00faa comandando el PJ y Cusinato preside Cambiemos"},"content":{"rendered":"<p style=\"text-align: center;\"><em><strong>En la sesi\u00f3n preparatoria de este martes se definieron las autoridades para el nuevo per\u00edodo legislativo: Giano continuar\u00e1 al frente de la C\u00e1mara, Navarro seguir\u00e1 liderando el bloque oficialista y Cusinato reemplaza a Vitor como titular del Interbloque Cambiemos. La pr\u00f3xima sesi\u00f3n ser\u00e1 el 3 de marzo<\/strong><\/em><\/p>\n<p>&nbsp;<\/p>\n<p>&nbsp;<\/p>\n<p>En la sesi\u00f3n preparatoria que tuvo lugar este martes 15 de febrero a las 11, la C\u00e1mara de Diputados defini\u00f3 sus autoridades para el nuevo per\u00edodo legislativo: \u00c1ngel Giano continuar\u00e1 presidiendo la C\u00e1mara, Silvia Moreno seguir\u00e1 desempe\u00f1ando la Vicepresidencia Primera y la opositora Ayel\u00e9n Acosta (PRO) ser\u00e1 la Vicepresidenta Segunda de la C\u00e1mara.<\/p>\n<p>Tras la jura de las autoridades, se determin\u00f3 que las sesiones ordinarias se continuar\u00e1n convocando los mismos d\u00edas que hasta ahora: los martes a las 19, y los mi\u00e9rcoles y jueves a las 11.<\/p>\n<p>Luego Esteban Vitor inform\u00f3 que el diputado Gustavo Cusinato ser\u00e1 el nuevo Presidente del Interbloque Cambiemos y Gracia Jaroslavsky dijo que el nogoyaense tambi\u00e9n encabezar\u00e1 la bancada radical. En tanto, Ayel\u00e9n Acosta anunci\u00f3 que Esteban Vitor seguir\u00e1 siendo titular del bloque del PRO.<\/p>\n<p>Por su parte, Carina Ramos inform\u00f3 que Juan Reynaldo Navarro seguir\u00e1 al frente de la bancada del Frente Creer Entre R\u00edos-PJ y Juan Domingo Zacar\u00edas indic\u00f3 que el Movimiento Social Entrerriano seguir\u00e1 integrado el Interbloque Cambiemos.<\/p>\n<p>La primera sesi\u00f3n ser\u00e1 el jueves 3 de marzo a las 11.<\/p>\n","protected":false},"excerpt":{"rendered":"<p>En la sesi\u00f3n preparatoria de este martes se definieron las autoridades para el nuevo per\u00edodo legislativo: Giano continuar\u00e1 al frente de la C\u00e1mara, Navarro seguir\u00e1 liderando el bloque oficialista y Cusinato reemplaza a Vitor como titular del Interbloque Cambiemos. La pr\u00f3xima sesi\u00f3n ser\u00e1 el 3 de marzo &nbsp; &nbsp; En la sesi\u00f3n preparatoria que tuvo lugar este martes 15 de febrero a las 11, la C\u00e1mara de Diputados defini\u00f3 sus autoridades para el nuevo per\u00edodo legislativo: \u00c1ngel Giano continuar\u00e1 presidiendo la C\u00e1mara, Silvia Moreno seguir\u00e1 desempe\u00f1ando la Vicepresidencia Primera y&#8230;<\/p>\n","protected":false},"author":3,"featured_media":82477,"comment_status":"closed","ping_status":"closed","sticky":false,"template":"","format":"standard","meta":[],"categories":[15],"tags":[],"_links":{"self":[{"href":"https:\/\/www.actualidadadiario.com\/index.php\/wp-json\/wp\/v2\/posts\/82476"}],"collection":[{"href":"https:\/\/www.actualidadadiario.com\/index.php\/wp-json\/wp\/v2\/posts"}],"about":[{"href":"https:\/\/www.actualidadadiario.com\/index.php\/wp-json\/wp\/v2\/types\/post"}],"author":[{"embeddable":true,"href":"https:\/\/www.actualidadadiario.com\/index.php\/wp-json\/wp\/v2\/users\/3"}],"replies":[{"embeddable":true,"href":"https:\/\/www.actualidadadiario.com\/index.php\/wp-json\/wp\/v2\/comments?post=82476"}],"version-history":[{"count":1,"href":"https:\/\/www.actualidadadiario.com\/index.php\/wp-json\/wp\/v2\/posts\/82476\/revisions"}],"predecessor-version":[{"id":82478,"href":"https:\/\/www.actualidadadiario.com\/index.php\/wp-json\/wp\/v2\/posts\/82476\/revisions\/82478"}],"wp:featuredmedia":[{"embeddable":true,"href":"https:\/\/www.actualidadadiario.com\/index.php\/wp-json\/wp\/v2\/media\/82477"}],"wp:attachment":[{"href":"https:\/\/www.actualidadadiario.com\/index.php\/wp-json\/wp\/v2\/media?parent=82476"}],"wp:term":[{"taxonomy":"category","embeddable":true,"href":"https:\/\/www.actualidadadiario.com\/index.php\/wp-json\/wp\/v2\/categories?post=82476"},{"taxonomy":"post_tag","embeddable":true,"href":"https:\/\/www.actualidadadiario.com\/index.php\/wp-json\/wp\/v2\/tags?post=82476"}],"curies":[{"name":"wp","href":"https:\/\/api.w.org\/{rel}","templated":true}]}}