{"id":82474,"date":"2022-02-15T13:39:34","date_gmt":"2022-02-15T16:39:34","guid":{"rendered":"https:\/\/www.actualidadadiario.com\/?p=82474"},"modified":"2022-02-15T13:39:34","modified_gmt":"2022-02-15T16:39:34","slug":"recambio-de-autoridades-en-direcciones-provinciales-y-jefaturas-de-policia","status":"publish","type":"post","link":"https:\/\/www.actualidadadiario.com\/index.php\/2022\/02\/15\/recambio-de-autoridades-en-direcciones-provinciales-y-jefaturas-de-policia\/","title":{"rendered":"Recambio de autoridades en direcciones provinciales y jefaturas de Polic\u00eda"},"content":{"rendered":"<p style=\"text-align: center;\"><em><strong>Mediante Decreto N\u00ba 51 del Ministerio de Gobierno y Justicia, el Gobernador de la Provincia, estableci\u00f3 cambios en diferentes \u00e1reas de la Polic\u00eda de Entre R\u00edos, que fueron propuestos por la actual conducci\u00f3n institucional, y se concretar\u00e1n durante el transcurso de la semana pr\u00f3xima, en distintas ceremonias que presidir\u00e1n el Jefe de Polic\u00eda junto al Subjefe de la Provincia<\/strong><\/em><\/p>\n<p>&nbsp;<\/p>\n<p>&nbsp;<\/p>\n<p><strong>Los nuevos designados en Direcciones provinciales<\/strong><\/p>\n<p><strong>Operaciones y Seguridad:<\/strong> Comisario General Marcos Antoniow<\/p>\n<p><strong>Personal:<\/strong> Comisario Mayor Jorge Cancio (quien ven\u00eda desempe\u00f1\u00e1ndose al frente de la Jefatura Concordia)<\/p>\n<p><strong>Ayudant\u00eda General:<\/strong> Comisario Mayor Milton Taulada<\/p>\n<p><strong>Asuntos Internos:<\/strong> Comisario Mayor Lu\u00eds Aguiar<\/p>\n<p><strong>Inteligencia Criminal:<\/strong> Comisario Mayor Edgardo Corona<\/p>\n<p><strong>Toxicolog\u00eda:<\/strong> Comisario Mayor Cristian Hormaechea<\/p>\n<p><strong>Prevenci\u00f3n Delitos Rurales:<\/strong> Comisario Mayor Fabio Noya<\/p>\n<p><strong>Inteligencia:<\/strong> Comisario Mayor Walter Nu\u00f1ez<\/p>\n<p><strong>Prevenci\u00f3n y Seguridad Vial:<\/strong> Comisario Mayor Gustavo Palacios<\/p>\n<p>&nbsp;<\/p>\n<p><strong>Nuevos designados en Subdirecciones:<\/strong><\/p>\n<p><strong>Ayudant\u00eda General:<\/strong> Comisario Mayor Javier Oertlin<\/p>\n<p><strong>Prevenci\u00f3n y Seguridad Vial:<\/strong> Comisario Mayor Jos\u00e9 Riquelme<\/p>\n<p><strong>Inteligencia:<\/strong> Comisario Mayor Rafael Salcedo<\/p>\n<p><strong>Log\u00edstica:<\/strong> Comisario Inspector Stella Maris Jacob<\/p>\n<p><strong>Personal:<\/strong> Comisario Inspector Ver\u00f3nica Alcoba<\/p>\n<p>&nbsp;<\/p>\n<p><strong>Jefaturas Departamentales<\/strong><\/p>\n<p>Nuevas autoridades designadas<\/p>\n<p><strong>Concordia<\/strong><\/p>\n<p><strong>Jefe:<\/strong> Crio. My. Juan Begueri\u00e9<\/p>\n<p><strong>Subjefe:<\/strong> Crio. Insp. Danilo Parodi<\/p>\n<p>&nbsp;<\/p>\n<p><strong>Gualeguaych\u00fa <\/strong><\/p>\n<p><strong>Jefe:<\/strong> Crio. My. Cesar Primo<\/p>\n<p>&nbsp;<\/p>\n<p><strong>Gualeguay<\/strong><\/p>\n<p><strong>Jefe:<\/strong> Crio. My. Jorge Sosa<\/p>\n<p><strong>Subjefe:<\/strong> Crio. Insp. Jos\u00e9 P\u00e9rez<\/p>\n<p>&nbsp;<\/p>\n<p><strong>Tala<\/strong><\/p>\n<p><strong>Jefe:<\/strong> Crio. Insp. Delfor Pieri<\/p>\n<p><strong>Subjefe:<\/strong> Crio. Insp. Jorge Gajardo<\/p>\n<p>&nbsp;<\/p>\n<p><strong>San Salvador\u00a0 <\/strong><\/p>\n<p><strong>Jefe:<\/strong> Crio. Insp. Cristian Medrano<\/p>\n<p>&nbsp;<\/p>\n<p><strong>Federaci\u00f3n <\/strong><\/p>\n<p><strong>Jefe:<\/strong> Crio. Insp. Luis Pereyra<\/p>\n<p><strong>Subjefe:<\/strong> Crio. Insp. C\u00e9sar Fern\u00e1ndez<\/p>\n<p>&nbsp;<\/p>\n<p><strong>Federal<\/strong><\/p>\n<p><strong>Jefe:<\/strong> Crio. My. Miriam Cabello del Campo<\/p>\n<p>&nbsp;<\/p>\n<p><strong>La Paz <\/strong><\/p>\n<p><strong>Jefe:<\/strong> Crio. Insp. Carlos Echaniz<\/p>\n<p><strong>Subjefe:<\/strong> Crio. Insp. Gerardo Schumacher<\/p>\n<p>&nbsp;<\/p>\n<p><strong>Nogoy\u00e1 <\/strong><\/p>\n<p><strong>Jefe:<\/strong> Crio. Insp. Alejandro Fern\u00e1ndez<\/p>\n<p><strong>Subjefe:<\/strong> Crio. Insp. Eduardo Godoy<\/p>\n<p>&nbsp;<\/p>\n<p><strong>Nuevos subjefes<\/strong><\/p>\n<p>Jefaturas Departamentales donde s\u00f3lo se designaron nuevos Subjefes<\/p>\n<p>&nbsp;<\/p>\n<p><strong>Paran\u00e1<\/strong><\/p>\n<p><strong>Subjefe:<\/strong> Crio. Insp. Miguel Retamar<\/p>\n<p>&nbsp;<\/p>\n<p><strong>Victoria<\/strong><\/p>\n<p><strong>Subjefe:<\/strong> Crio. Insp. Claudio Passadore<\/p>\n<p>&nbsp;<\/p>\n<p><strong>Villaguay<\/strong><\/p>\n<p><strong>Subjefe:<\/strong> Crio. Insp. Gustavo Beckman<\/p>\n<p>&nbsp;<\/p>\n<p><strong>Retiro<\/strong><\/p>\n<p>Los oficiales que pasan a situaci\u00f3n de Retiro, por haber alcanzado el m\u00e1ximo de tiempo de permanencia, son:<\/p>\n<p>Los Comisarios Generales: Lucio Villalba, Gustavo Schierloh, Mario Rivero, Sergio Rodr\u00edguez, Marcos Schmunk, Mario Z\u00e1rate, Noel Spretz, y Fabi\u00e1n Blanco.<\/p>\n<p>Asimismo, los Comisarios Mayores: Alejandro Ch\u00e1vez, Marcelo Leonhardt, y Osvaldo Franco.<\/p>\n","protected":false},"excerpt":{"rendered":"<p>Mediante Decreto N\u00ba 51 del Ministerio de Gobierno y Justicia, el Gobernador de la Provincia, estableci\u00f3 cambios en diferentes \u00e1reas de la Polic\u00eda de Entre R\u00edos, que fueron propuestos por la actual conducci\u00f3n institucional, y se concretar\u00e1n durante el transcurso de la semana pr\u00f3xima, en distintas ceremonias que presidir\u00e1n el Jefe de Polic\u00eda junto al Subjefe de la Provincia &nbsp; &nbsp; Los nuevos designados en Direcciones provinciales Operaciones y Seguridad: Comisario General Marcos Antoniow Personal: Comisario Mayor Jorge Cancio (quien ven\u00eda desempe\u00f1\u00e1ndose al frente de la Jefatura Concordia) Ayudant\u00eda General:&#8230;<\/p>\n","protected":false},"author":3,"featured_media":57754,"comment_status":"closed","ping_status":"closed","sticky":false,"template":"","format":"standard","meta":[],"categories":[15],"tags":[],"_links":{"self":[{"href":"https:\/\/www.actualidadadiario.com\/index.php\/wp-json\/wp\/v2\/posts\/82474"}],"collection":[{"href":"https:\/\/www.actualidadadiario.com\/index.php\/wp-json\/wp\/v2\/posts"}],"about":[{"href":"https:\/\/www.actualidadadiario.com\/index.php\/wp-json\/wp\/v2\/types\/post"}],"author":[{"embeddable":true,"href":"https:\/\/www.actualidadadiario.com\/index.php\/wp-json\/wp\/v2\/users\/3"}],"replies":[{"embeddable":true,"href":"https:\/\/www.actualidadadiario.com\/index.php\/wp-json\/wp\/v2\/comments?post=82474"}],"version-history":[{"count":1,"href":"https:\/\/www.actualidadadiario.com\/index.php\/wp-json\/wp\/v2\/posts\/82474\/revisions"}],"predecessor-version":[{"id":82475,"href":"https:\/\/www.actualidadadiario.com\/index.php\/wp-json\/wp\/v2\/posts\/82474\/revisions\/82475"}],"wp:featuredmedia":[{"embeddable":true,"href":"https:\/\/www.actualidadadiario.com\/index.php\/wp-json\/wp\/v2\/media\/57754"}],"wp:attachment":[{"href":"https:\/\/www.actualidadadiario.com\/index.php\/wp-json\/wp\/v2\/media?parent=82474"}],"wp:term":[{"taxonomy":"category","embeddable":true,"href":"https:\/\/www.actualidadadiario.com\/index.php\/wp-json\/wp\/v2\/categories?post=82474"},{"taxonomy":"post_tag","embeddable":true,"href":"https:\/\/www.actualidadadiario.com\/index.php\/wp-json\/wp\/v2\/tags?post=82474"}],"curies":[{"name":"wp","href":"https:\/\/api.w.org\/{rel}","templated":true}]}}