{"id":82471,"date":"2022-02-15T13:38:50","date_gmt":"2022-02-15T16:38:50","guid":{"rendered":"https:\/\/www.actualidadadiario.com\/?p=82471"},"modified":"2022-02-15T13:38:50","modified_gmt":"2022-02-15T16:38:50","slug":"escuelas-primarias-de-la-provincia-recibiran-libros-para-aprender","status":"publish","type":"post","link":"https:\/\/www.actualidadadiario.com\/index.php\/2022\/02\/15\/escuelas-primarias-de-la-provincia-recibiran-libros-para-aprender\/","title":{"rendered":"Escuelas primarias de la provincia recibir\u00e1n Libros para aprender"},"content":{"rendered":"<p style=\"text-align: center;\"><em><strong>Entre R\u00edos particip\u00f3 de la apertura de las jornadas Libros para aprender, en el Centro Cultural Kirchner (CCK). Con una inversi\u00f3n de seis millones de pesos, el gobierno nacional llegar\u00e1 a 18.849 escuelas primarias en todo el pa\u00eds para fortalecer el v\u00ednculo pedag\u00f3gico de los ni\u00f1os con la lectura<\/strong><\/em><\/p>\n<p>&nbsp;<\/p>\n<p>&nbsp;<\/p>\n<p>El programa alcanza a escuelas p\u00fablicas de gesti\u00f3n estatal, privadas de cuota cero y privadas de oferta \u00fanica.<\/p>\n<p>En la provincia de Entre R\u00edos se repartir\u00e1n 193.743 libros de Matem\u00e1tica, Pr\u00e1cticas del Lenguaje y una publicaci\u00f3n de \u00e1reas integradas de acuerdo a la selecci\u00f3n hecha por cada jurisdicci\u00f3n, en 5896 en escuelas estatales, cooperativas y privadas con cuota cero, para toda la matr\u00edcula de estudiantes de 1\u00ba a 6\u00ba grado.<\/p>\n<p>En ese marco, el titular de la cartera educativa provincial, Mart\u00edn M\u00fcller, cont\u00f3 que a trav\u00e9s del programa federal \u201ccada nene y nena de la escuela primaria recibir\u00e1 su propio ejemplar para sus casas, para que trabajen con sus docentes y sus familias\u201d.<\/p>\n<p>\u201cLos contenidos de estos textos fueron trabajados federalmente, bajo una misma identidad nacional y respetando la autonom\u00eda de cada provincia. Es una plataforma para construir un piso de igualdad\u201d, detall\u00f3 el presidente del Consejo General Educaci\u00f3n (CGE) y agreg\u00f3 \u201cla escuela es el lugar en el que todos tenemos que ser los protagonistas de la provincia que queremos\u201d.<\/p>\n<p>Asimismo, afirm\u00f3 que \u201cnuestro compromiso est\u00e1 puesto en generar una educaci\u00f3n inclusiva, que refuerce la ense\u00f1anza de lengua y matem\u00e1tica en todos los estudiantes de nivel primario\u201d.<\/p>\n<p>El acto cont\u00f3 con la presencia de 10 ministros de las jurisdicciones y fue presidido por Jaime Perczyk, ministro de Educaci\u00f3n de la Naci\u00f3n. De la actividad participaron la vocal del CGE, Griselda Di Lello; la directora y subdirectora de Educaci\u00f3n Primaria del CGE, Mabel Creolani y Beatriz Vitali, y equipo t\u00e9cnico de la Direcci\u00f3n.<\/p>\n<p>Luego de la presentaci\u00f3n oficial, se recorrieron las instalaciones de la planta Envaplast, desde donde se distribuir\u00e1n los m\u00e1s de 7 millones de libros a todo el pa\u00eds.<\/p>\n<p>La apertura del evento estuvo a cargo de la Orquesta y Coro Cantata \u201cPit\u00e1goras y la M\u00fasica\u201d que conforman alumnos de todo el pa\u00eds incluido estudiantes de Entre R\u00edos.<\/p>\n<p>&nbsp;<\/p>\n<p><strong>Programa<\/strong><\/p>\n<p>La iniciativa consiste en la entrega individual de libros de texto para las escuelas de Educaci\u00f3n Primaria del pa\u00eds con el objetivo de ayudar a organizar el proceso de ense\u00f1anza y aprendizaje y profundizar el trabajo con ciertos contenidos.<\/p>\n<p>Cada estudiante recibir\u00e1 el material de forma individual para que pueda llevarlo de la escuela a su casa. De este modo, se optimizar\u00e1 el tiempo de trabajo en el aula y permitir\u00e1 la continuidad del trabajo pedag\u00f3gico en los hogares. As\u00ed, se facilitar\u00e1 el acompa\u00f1amiento por parte de las familias en las diferentes trayectorias educativas para respetar tiempos y estilos.<\/p>\n<p>La selecci\u00f3n de libros fue realizada a trav\u00e9s de dos instancias: la Comisi\u00f3n Asesora Nacional, conformada por especialistas de las 24 jurisdicciones, realiz\u00f3 la recomendaci\u00f3n de los t\u00edtulos y la Comisi\u00f3n Asesora Provincial, conformada en cada distrito, seleccion\u00f3 una serie de t\u00edtulos entre los recomendados.<\/p>\n<p>La propuesta, alcanzar\u00e1 a m\u00e1s de tres millones de estudiantes de 18.849 escuelas primarias p\u00fablicas de gesti\u00f3n estatal, privadas de cuota cero y privadas de oferta \u00fanica en todo el pa\u00eds. Adem\u00e1s, contempla la entrega de libros para los docentes.<\/p>\n","protected":false},"excerpt":{"rendered":"<p>Entre R\u00edos particip\u00f3 de la apertura de las jornadas Libros para aprender, en el Centro Cultural Kirchner (CCK). Con una inversi\u00f3n de seis millones de pesos, el gobierno nacional llegar\u00e1 a 18.849 escuelas primarias en todo el pa\u00eds para fortalecer el v\u00ednculo pedag\u00f3gico de los ni\u00f1os con la lectura &nbsp; &nbsp; El programa alcanza a escuelas p\u00fablicas de gesti\u00f3n estatal, privadas de cuota cero y privadas de oferta \u00fanica. En la provincia de Entre R\u00edos se repartir\u00e1n 193.743 libros de Matem\u00e1tica, Pr\u00e1cticas del Lenguaje y una publicaci\u00f3n de \u00e1reas integradas&#8230;<\/p>\n","protected":false},"author":3,"featured_media":82472,"comment_status":"closed","ping_status":"closed","sticky":false,"template":"","format":"standard","meta":[],"categories":[15],"tags":[],"_links":{"self":[{"href":"https:\/\/www.actualidadadiario.com\/index.php\/wp-json\/wp\/v2\/posts\/82471"}],"collection":[{"href":"https:\/\/www.actualidadadiario.com\/index.php\/wp-json\/wp\/v2\/posts"}],"about":[{"href":"https:\/\/www.actualidadadiario.com\/index.php\/wp-json\/wp\/v2\/types\/post"}],"author":[{"embeddable":true,"href":"https:\/\/www.actualidadadiario.com\/index.php\/wp-json\/wp\/v2\/users\/3"}],"replies":[{"embeddable":true,"href":"https:\/\/www.actualidadadiario.com\/index.php\/wp-json\/wp\/v2\/comments?post=82471"}],"version-history":[{"count":1,"href":"https:\/\/www.actualidadadiario.com\/index.php\/wp-json\/wp\/v2\/posts\/82471\/revisions"}],"predecessor-version":[{"id":82473,"href":"https:\/\/www.actualidadadiario.com\/index.php\/wp-json\/wp\/v2\/posts\/82471\/revisions\/82473"}],"wp:featuredmedia":[{"embeddable":true,"href":"https:\/\/www.actualidadadiario.com\/index.php\/wp-json\/wp\/v2\/media\/82472"}],"wp:attachment":[{"href":"https:\/\/www.actualidadadiario.com\/index.php\/wp-json\/wp\/v2\/media?parent=82471"}],"wp:term":[{"taxonomy":"category","embeddable":true,"href":"https:\/\/www.actualidadadiario.com\/index.php\/wp-json\/wp\/v2\/categories?post=82471"},{"taxonomy":"post_tag","embeddable":true,"href":"https:\/\/www.actualidadadiario.com\/index.php\/wp-json\/wp\/v2\/tags?post=82471"}],"curies":[{"name":"wp","href":"https:\/\/api.w.org\/{rel}","templated":true}]}}