{"id":82465,"date":"2022-02-15T13:37:04","date_gmt":"2022-02-15T16:37:04","guid":{"rendered":"https:\/\/www.actualidadadiario.com\/?p=82465"},"modified":"2022-02-15T13:37:04","modified_gmt":"2022-02-15T16:37:04","slug":"alberto-fernandez-no-hubo-una-distribucion-arbitraria-de-la-obra-publica","status":"publish","type":"post","link":"https:\/\/www.actualidadadiario.com\/index.php\/2022\/02\/15\/alberto-fernandez-no-hubo-una-distribucion-arbitraria-de-la-obra-publica\/","title":{"rendered":"Alberto Fern\u00e1ndez: &#8220;No hubo una distribuci\u00f3n arbitraria de la obra p\u00fablica&#8221;"},"content":{"rendered":"<p style=\"text-align: center;\"><em><strong>El Presidente ingres\u00f3 pasada las 9.30 hs a para dar testimonio en el juicio por irregularidades en la obra p\u00fablica, a pedido de la defensa de Cristina de Kirchner<\/strong><\/em><\/p>\n<p>&nbsp;<\/p>\n<p>&nbsp;<\/p>\n<p>El presidente Alberto Fern\u00e1ndez ingres\u00f3 pasadas las 9.30 hs a los tribunales federales de Comodoro Py para declarar en el juicio por la obra p\u00fablica, a pedido de la defensa de Cristina de Kirchner, y minutos despu\u00e9s comenz\u00f3 a dar su testimonio como testigo en un zoom con m\u00e1s de 15 personas.<\/p>\n<p>Al ser interrogado por c\u00f3mo era la pol\u00edtica de obra p\u00fablica en Santa Cruz cuando el gobernador era N\u00e9stor Kirchner, el jefe de estado asegur\u00f3 que el ex mandatario ten\u00eda una &#8220;administraci\u00f3n prolija&#8221;, que le dejaba un super\u00e1vit &#8220;muy grande&#8221;, y aclar\u00f3 que Kirchner fue &#8220;siempre muy prolijo con sus cuentas p\u00fablicas&#8221;. &#8220;En detalle no conozco cu\u00e1l fue la obra p\u00fablica que llev\u00f3 adelante en Santa Cruz&#8221;, a\u00f1adi\u00f3.<\/p>\n<p>El testimonio de Alberto Fern\u00e1ndez fue pedido por la defensa de la expresidenta y de otros dos acusados, el empresario L\u00e1zaro B\u00e1ez y el exministro de Planificaci\u00f3n Julio De Vido a ra\u00edz de su condici\u00f3n de ex Jefe de Gabinete en el kirchnerismo. El Presidente anunci\u00f3 que concurrir\u00e1 a Comodoro Py 2002 pese a que por su investidura pod\u00eda optar por responder un cuestionario escrito a los jueces Jorge Gorini, Rodrigo Gim\u00e9nez Uriburu y Andr\u00e9s Basso.<\/p>\n<p>El Presidente record\u00f3 que cuando era jefe de Gabinete de N\u00e9stor Kirchner se respaldaron en la obra p\u00fablica para reimpulsar la econom\u00eda del pa\u00eds. &#8220;Ven\u00edamos de una crisis muy profunda que fue la de 2001, asumimos en 2003 y se hab\u00eda iniciado un lento proceso de la econom\u00eda y N\u00e9stor estaba convencido de que la obra p\u00fablica era un motor central para la econom\u00eda&#8221;, se\u00f1al\u00f3.<\/p>\n<p>&#8220;Tengo la convicci\u00f3n de que la obra p\u00fablica es el motorizado de una econom\u00eda en crisis, as\u00ed lo pens\u00f3 N\u00e9stor y tambi\u00e9n Cristina&#8221;, consider\u00f3, y agreg\u00f3 que &#8220;la obra p\u00fablica fue muy grande en esos a\u00f1os y tambi\u00e9n lo fue en el Gobierno de Cristina Fern\u00e1ndez de Kirchner, tambi\u00e9n lo es hoy en d\u00eda&#8221;. .<\/p>\n<p>En ese marco, dijo que &#8220;no existe ninguna norma que ponga limitaciones a c\u00f3mo se distribuya el gasto en obra p\u00fablica&#8221; y asegur\u00f3 que le &#8220;llama mucho la atenci\u00f3n lo que estamos discutiendo en este juicio: no existe una norma que diga cu\u00e1nto se puede destinar a la obra p\u00fablica y en qu\u00e9 modo esa inversi\u00f3n&#8221;.<\/p>\n<p>Asimismo, Fern\u00e1ndez garantiz\u00f3 que &#8220;no hab\u00eda una distribuci\u00f3n arbitraria, en un presupuesto es muy dif\u00edcil distribuir arbitrariamente, y se los dice alguien que est\u00e1 gobernando sin presupuesto&#8221;, ya que la &#8220;ley m\u00e1s dif\u00edcil de sacar en un Congreso es un presupuesto&#8221;. &#8220;Me llama el sentido de esta causa porque lo que se est\u00e1 discutiendo son decisiones pol\u00edticas no judiciales&#8221;, indic\u00f3.<\/p>\n<p>Adem\u00e1s, record\u00f3 que cuando fue Jefe de Gabinete &#8220;se actualiz\u00f3 la ley de administraci\u00f3n financiera y le permiti\u00f3 resignar partidas de una jurisdicci\u00f3n que no las estaba utilizando a otra&#8221;.<\/p>\n<p>&#8220;Cuando sali\u00f3 esa norma hubo mucho barullo diciendo que me hab\u00edan dado superpoderes, pero nunca super\u00e9 el 3% de los recursos presupuestarios moviliz\u00e1ndolos de una jurisdicci\u00f3n a otra. Esto se hace para optimizar los recursos del Estado&#8221;, sostuvo, y dio como ejemplo que &#8220;a poco de llegar al gobierno hubo inundaciones en Santa Fe y tuve que sacar recursos de otras administraciones para movilizarlos a Santa Fe&#8221;. &#8220;Nunca esas decisiones administrativas tuvieron el prop\u00f3sito de beneficiar a alguien&#8221;, sentenci\u00f3.<\/p>\n<p>En ese marco, le preguntaron si en ese contexto recibi\u00f3 \u00f3rdenes expl\u00edcitas de reasignar partidas para beneficiar a alguna jurisdicci\u00f3n o empresario o funcionario y enfatiz\u00f3: &#8220;Definitivamente, no&#8221;.<\/p>\n<p>Seg\u00fan dijo Alberto Fern\u00e1ndez, Argentina hoy tiene 100 mil viviendas en construcci\u00f3n, y se pegunt\u00f3 ante los jueces y fiscales. &#8220;\u00bfCree usted que yo puedo conocer en detalle cada obra? Un Presidente puede conocer c\u00f3mo evolucionan las partidas asignadas a las obras o tener reuniones peri\u00f3dicas para ver c\u00f3mo funcionan los temas en cada ministerio&#8221;, respondi\u00f3.<\/p>\n<p>&#8220;Uno puede conocer grandes lineamientos pero no puede conocer c\u00f3mo evolucionan los tr\u00e1mites, no hay forma material de hacerlo&#8221;, complet\u00f3.<\/p>\n","protected":false},"excerpt":{"rendered":"<p>El Presidente ingres\u00f3 pasada las 9.30 hs a para dar testimonio en el juicio por irregularidades en la obra p\u00fablica, a pedido de la defensa de Cristina de Kirchner &nbsp; &nbsp; El presidente Alberto Fern\u00e1ndez ingres\u00f3 pasadas las 9.30 hs a los tribunales federales de Comodoro Py para declarar en el juicio por la obra p\u00fablica, a pedido de la defensa de Cristina de Kirchner, y minutos despu\u00e9s comenz\u00f3 a dar su testimonio como testigo en un zoom con m\u00e1s de 15 personas. Al ser interrogado por c\u00f3mo era la&#8230;<\/p>\n","protected":false},"author":3,"featured_media":82466,"comment_status":"closed","ping_status":"closed","sticky":false,"template":"","format":"standard","meta":[],"categories":[18],"tags":[],"_links":{"self":[{"href":"https:\/\/www.actualidadadiario.com\/index.php\/wp-json\/wp\/v2\/posts\/82465"}],"collection":[{"href":"https:\/\/www.actualidadadiario.com\/index.php\/wp-json\/wp\/v2\/posts"}],"about":[{"href":"https:\/\/www.actualidadadiario.com\/index.php\/wp-json\/wp\/v2\/types\/post"}],"author":[{"embeddable":true,"href":"https:\/\/www.actualidadadiario.com\/index.php\/wp-json\/wp\/v2\/users\/3"}],"replies":[{"embeddable":true,"href":"https:\/\/www.actualidadadiario.com\/index.php\/wp-json\/wp\/v2\/comments?post=82465"}],"version-history":[{"count":1,"href":"https:\/\/www.actualidadadiario.com\/index.php\/wp-json\/wp\/v2\/posts\/82465\/revisions"}],"predecessor-version":[{"id":82467,"href":"https:\/\/www.actualidadadiario.com\/index.php\/wp-json\/wp\/v2\/posts\/82465\/revisions\/82467"}],"wp:featuredmedia":[{"embeddable":true,"href":"https:\/\/www.actualidadadiario.com\/index.php\/wp-json\/wp\/v2\/media\/82466"}],"wp:attachment":[{"href":"https:\/\/www.actualidadadiario.com\/index.php\/wp-json\/wp\/v2\/media?parent=82465"}],"wp:term":[{"taxonomy":"category","embeddable":true,"href":"https:\/\/www.actualidadadiario.com\/index.php\/wp-json\/wp\/v2\/categories?post=82465"},{"taxonomy":"post_tag","embeddable":true,"href":"https:\/\/www.actualidadadiario.com\/index.php\/wp-json\/wp\/v2\/tags?post=82465"}],"curies":[{"name":"wp","href":"https:\/\/api.w.org\/{rel}","templated":true}]}}