{"id":82463,"date":"2022-02-15T13:36:29","date_gmt":"2022-02-15T16:36:29","guid":{"rendered":"https:\/\/www.actualidadadiario.com\/?p=82463"},"modified":"2022-02-15T13:36:29","modified_gmt":"2022-02-15T16:36:29","slug":"paritaria-docente-el-gobierno-nacional-y-los-gremios-continuan-con-la-segunda-ronda-de-las-negociaciones","status":"publish","type":"post","link":"https:\/\/www.actualidadadiario.com\/index.php\/2022\/02\/15\/paritaria-docente-el-gobierno-nacional-y-los-gremios-continuan-con-la-segunda-ronda-de-las-negociaciones\/","title":{"rendered":"Paritaria docente: el Gobierno nacional y los gremios contin\u00faan con la segunda ronda de las negociaciones"},"content":{"rendered":"<p style=\"text-align: center;\"><em><strong>La reuni\u00f3n se realizar\u00e1 este martes de manera remota y participar\u00e1n el ministerio de Educaci\u00f3n que conduce Jaime Perczyk y los dirigentes de los gremios Ctera, UDA, CEA, Sadop y AMET<\/strong><\/em><\/p>\n<p>&nbsp;<\/p>\n<p>&nbsp;<\/p>\n<p>A quince d\u00edas del comienzo de las clases, las cinco federaciones que representan a los maestros tendr\u00e1n este martes una reuni\u00f3n con el Gobierno nacional para continuar con la segunda ronda de sus negociaciones paritarias.<\/p>\n<p>En tanto, est\u00e1 previsto que contin\u00faen en las provincias las reuniones paritarias por distrito. Tambi\u00e9n se espera que la provincia de Buenos Aires haga su primera oferta.<\/p>\n<p>Todav\u00eda nadie habla p\u00fablicamente de los n\u00fameros del aumento salarial, un dato esperado con inter\u00e9s por todos los trabajadores -no s\u00f3lo los docentes-\u00a0 porque es un adelanto de c\u00f3mo pueden avanzar, a lo largo del a\u00f1o, las negociaciones del resto de paritarias.<\/p>\n<p>La reuni\u00f3n de este martes de la paritaria nacional se realizar\u00e1 de manera remota.\u00a0 Participar\u00e1n el ministerio de Educaci\u00f3n que conduce Jaime Perczyk y los dirigentes de los gremios Ctera, UDA, CEA, Sadop y AMET.<\/p>\n<p>La agenda incluye temas no salariales, como la discusi\u00f3n de qu\u00e9 pol\u00edticas van a impulsarse para que los chicos se mantengan vinculados a la escuela -y vuelvan los desvinculados-.<\/p>\n<p>Del primer encuentro paritario los gremios se llevaron la promesa de que la inversi\u00f3n educativa no a va a sufrir ajustes. Tambi\u00e9n se sintieron escuchados con el pedido de\u00a0 ampliaci\u00f3n de las becas Progresar, que ahora tambi\u00e9n podr\u00e1n ser solicitadas por j\u00f3venes de 16 y 17 a\u00f1os.<\/p>\n<p>Campa\u00f1as de vacunaci\u00f3n, computadoras, becas y distribuci\u00f3n de libros son acciones que hablan de un esfuerzo desde el Estado para que el regreso a las aulas pueda ser m\u00e1s amplio que en 2021.<\/p>\n<p>&nbsp;<\/p>\n<p><strong>Salario docente<\/strong><\/p>\n<p>El salario inicial de los maestros es de 41.250 pesos. Ese piso fue actualizado en diciembre y desde entonces se acumul\u00f3 nueva inflaci\u00f3n. Los gremios est\u00e1n planteando que necesitan recuperar adem\u00e1s \u201clo perdido en los cuatro a\u00f1os de pandemia macrista y los dos de pandemia del Covid\u201d.<\/p>\n<p>&#8220;En relaci\u00f3n a la canasta b\u00e1sica, el salario docente est\u00e1 en el cuarto subsuelo. Un aumento que equipare a la inflaci\u00f3n acumulada s\u00f3lo de diciembre a marzo nos dejar\u00eda en el mismo lugar; una mejora peque\u00f1a por encima de la inflaci\u00f3n nos dejar\u00eda en el tercer subsuelo, o en el segundo. Pero lo que queremos no es eso, sino llegar al primer piso\u201d, explic\u00f3 Eduardo L\u00f3pez, secretario gremial de Ctera.<\/p>\n<p>Parte de la negociaci\u00f3n es fijar mecanismos de protecci\u00f3n frente a la inflaci\u00f3n del a\u00f1o. La propuesta de los gremios es hacer revisiones peri\u00f3dicas, cada dos meses.<\/p>\n<p>El salario inicial que se fija en la paritaria nacional es mejorado -no siempre, pero s\u00ed en la mayor\u00eda de los casos- en las negociaciones paritarias de cada provincia. Esto es porque las gobernaciones son las empleadoras directas de los maestros. Por eso definen el resto de la escala salarial y cuestiones como el pago por antig\u00fcedad y otros items.<\/p>\n","protected":false},"excerpt":{"rendered":"<p>La reuni\u00f3n se realizar\u00e1 este martes de manera remota y participar\u00e1n el ministerio de Educaci\u00f3n que conduce Jaime Perczyk y los dirigentes de los gremios Ctera, UDA, CEA, Sadop y AMET &nbsp; &nbsp; A quince d\u00edas del comienzo de las clases, las cinco federaciones que representan a los maestros tendr\u00e1n este martes una reuni\u00f3n con el Gobierno nacional para continuar con la segunda ronda de sus negociaciones paritarias. En tanto, est\u00e1 previsto que contin\u00faen en las provincias las reuniones paritarias por distrito. Tambi\u00e9n se espera que la provincia de Buenos&#8230;<\/p>\n","protected":false},"author":3,"featured_media":82036,"comment_status":"closed","ping_status":"closed","sticky":false,"template":"","format":"standard","meta":[],"categories":[18],"tags":[],"_links":{"self":[{"href":"https:\/\/www.actualidadadiario.com\/index.php\/wp-json\/wp\/v2\/posts\/82463"}],"collection":[{"href":"https:\/\/www.actualidadadiario.com\/index.php\/wp-json\/wp\/v2\/posts"}],"about":[{"href":"https:\/\/www.actualidadadiario.com\/index.php\/wp-json\/wp\/v2\/types\/post"}],"author":[{"embeddable":true,"href":"https:\/\/www.actualidadadiario.com\/index.php\/wp-json\/wp\/v2\/users\/3"}],"replies":[{"embeddable":true,"href":"https:\/\/www.actualidadadiario.com\/index.php\/wp-json\/wp\/v2\/comments?post=82463"}],"version-history":[{"count":1,"href":"https:\/\/www.actualidadadiario.com\/index.php\/wp-json\/wp\/v2\/posts\/82463\/revisions"}],"predecessor-version":[{"id":82464,"href":"https:\/\/www.actualidadadiario.com\/index.php\/wp-json\/wp\/v2\/posts\/82463\/revisions\/82464"}],"wp:featuredmedia":[{"embeddable":true,"href":"https:\/\/www.actualidadadiario.com\/index.php\/wp-json\/wp\/v2\/media\/82036"}],"wp:attachment":[{"href":"https:\/\/www.actualidadadiario.com\/index.php\/wp-json\/wp\/v2\/media?parent=82463"}],"wp:term":[{"taxonomy":"category","embeddable":true,"href":"https:\/\/www.actualidadadiario.com\/index.php\/wp-json\/wp\/v2\/categories?post=82463"},{"taxonomy":"post_tag","embeddable":true,"href":"https:\/\/www.actualidadadiario.com\/index.php\/wp-json\/wp\/v2\/tags?post=82463"}],"curies":[{"name":"wp","href":"https:\/\/api.w.org\/{rel}","templated":true}]}}