{"id":82460,"date":"2022-02-15T13:35:52","date_gmt":"2022-02-15T16:35:52","guid":{"rendered":"https:\/\/www.actualidadadiario.com\/?p=82460"},"modified":"2022-02-15T13:35:52","modified_gmt":"2022-02-15T16:35:52","slug":"senadores-peronistas-aprovechan-revuelo-en-el-fdt-por-acuerdo-con-fmi-y-presionan-por-agenda-federal","status":"publish","type":"post","link":"https:\/\/www.actualidadadiario.com\/index.php\/2022\/02\/15\/senadores-peronistas-aprovechan-revuelo-en-el-fdt-por-acuerdo-con-fmi-y-presionan-por-agenda-federal\/","title":{"rendered":"Senadores peronistas aprovechan revuelo en el FdT por acuerdo con FMI y presionan por agenda federal"},"content":{"rendered":"<p style=\"text-align: center;\"><em><strong>La discusi\u00f3n por el entendimiento con el Fondo reaviv\u00f3 internas abiertas por los resultados de las elecciones PASO del a\u00f1o pasado. Integrantes de la c\u00e1mara alta que responden a gobernadores peronistas respaldan la posici\u00f3n del gobierno y reclaman mayor aval para proyectos de legisladores del interior. Gobierno analiza por donde ingresa el entendimiento por la deuda<\/strong><\/em><\/p>\n<p>&nbsp;<\/p>\n<p>&nbsp;<\/p>\n<p>Esta semana se conoci\u00f3 que el gobierno nacional analiza a contrarreloj la estrategia en el Congreso para lograr que la Ley de Fortalecimiento de la Sostenibilidad de la Deuda P\u00fablica salga con el mayor apoyo posible de las fuerzas pol\u00edticas. En la Rosada estiman que se anunciar\u00e1 la elevaci\u00f3n al Congreso del entendimiento con el Fondo, en la Asamblea Legislativa del 1\u00b0 de marzo. Todav\u00eda resta definir si la iniciativa entra por Diputados o por el Senado.<\/p>\n<p>La interna en el bloque de senadores del Frente de Todos surgi\u00f3 luego de las elecciones PASO del a\u00f1o pasado. Un grupo present\u00f3 un planteo para que el gobierno nacional vuelva a escuchar a los gobernadores. Terminada la pandemia, senadores peronistas del interior entienden que Alberto Fern\u00e1ndez tiene que retomar la idea de ser el presidente de los 24 gobernadores como supo decir al inicio de su mandato. El reclamo se traslada al manejo de la agenda y a que los proyectos federales tengan el mismo peso que otros y no se agota en la conducci\u00f3n de Cristina Fern\u00e1ndez de Kirchner.<\/p>\n<p>\u201cTodos lo quieren plantear como una divisi\u00f3n con Cristina y no es tan as\u00ed\u201d, argument\u00f3 un senador oficialista a Data Clave. El grupo que alz\u00f3 la voz los \u00faltimos meses aprovecha la discusi\u00f3n interna que gener\u00f3 el acuerdo con el FMI para volver a posicionar reclamos de referentes federales del Frente de Todos. Los apuntados son los peronistas Guillermo Snopek, Carlos \u201cCamau\u201d Esp\u00ednola y Sergio \u201cOso\u201d Leavy, a los que se suma el entrerriano Edgardo Kueider, que este lunes hizo p\u00fablico el posicionamiento.<\/p>\n<p>\u201cVenimos charlando con los senadores. Queremos dar una discusi\u00f3n interna, no estamos hablando de una ruptura, de salir a armar algo aparte\u201d, dijo el senador que responde al gobernador Gustavo Bordet descartando una posible divisi\u00f3n de los bloques parlamentarios. En concreto, el legislador pidi\u00f3 abiertamente en una entrevista en Radio Mitre mayor escucha para tratar proyectos de inter\u00e9s para distintos senadores del interior que \u201cnos cuesta much\u00edsimo que lleguen al recinto y que sean tratados en las comisiones\u201d, dispar\u00f3.<\/p>\n<p>Kueider se manifest\u00f3 a favor de votar a favor el acuerdo con el FMI y se diferenci\u00f3 con el n\u00facleo duro del cristinismo: Independientemente de la discusi\u00f3n que se da sobre la legitimidad de la deuda. \u201cEl costo de no pagar precisa entrar en default y entrar el default tiene un impacto mayor tanto desde lo econ\u00f3mico como lo social\u201d, sentenci\u00f3 el senador por Entre R\u00edos.<\/p>\n<p>Otra senadora del ri\u00f1\u00f3n peronista de los gobernadores cercanos al presidente Alberto Fern\u00e1ndez coincidi\u00f3, se trata de Lucia Corpacci, ex gobernadora de Catamarca con buena sinton\u00eda con CFK. \u201cNo podemos dejar al pa\u00eds en default\u201d, asegur\u00f3 la legisladora del Norte en radio El Destape.<\/p>\n<p>La discusi\u00f3n interna ya est\u00e1 explicitada p\u00fablicamente. Fuentes parlamentarias con acceso a los despachos d\u00edscolos aseguraron a Data Clave que el \u00fanico objetivo es poder \u201cdiscutir todos los temas\u201d. Pero adem\u00e1s, \u201clograr tener un mejor trato\u201d por parte de los que conducen el bloque y la C\u00e1mara alta. Creen que algunos temas \u201cfederales\u201d se discuten con menos fuerza. \u201cNunca estuvo en la mente de \u00e9l ni del resto de los senadores irse del bloque, hay que estar adentro y pelear adentro\u201d, apuntan desde el Senado. Aunque la disputa siempre tiene de fondo una amenaza latente.<\/p>\n<p>Mientras en Diputados una treintena de legisladores analiza abstenerse en la votaci\u00f3n, en el Senado el r\u00edo suena. El silencio de CFK anticipa alg\u00fan voto en duda y los reclamos postergados vuelven a tomar impulso desde el interior.<\/p>\n","protected":false},"excerpt":{"rendered":"<p>La discusi\u00f3n por el entendimiento con el Fondo reaviv\u00f3 internas abiertas por los resultados de las elecciones PASO del a\u00f1o pasado. Integrantes de la c\u00e1mara alta que responden a gobernadores peronistas respaldan la posici\u00f3n del gobierno y reclaman mayor aval para proyectos de legisladores del interior. Gobierno analiza por donde ingresa el entendimiento por la deuda &nbsp; &nbsp; Esta semana se conoci\u00f3 que el gobierno nacional analiza a contrarreloj la estrategia en el Congreso para lograr que la Ley de Fortalecimiento de la Sostenibilidad de la Deuda P\u00fablica salga con&#8230;<\/p>\n","protected":false},"author":3,"featured_media":82461,"comment_status":"closed","ping_status":"closed","sticky":false,"template":"","format":"standard","meta":[],"categories":[18],"tags":[],"_links":{"self":[{"href":"https:\/\/www.actualidadadiario.com\/index.php\/wp-json\/wp\/v2\/posts\/82460"}],"collection":[{"href":"https:\/\/www.actualidadadiario.com\/index.php\/wp-json\/wp\/v2\/posts"}],"about":[{"href":"https:\/\/www.actualidadadiario.com\/index.php\/wp-json\/wp\/v2\/types\/post"}],"author":[{"embeddable":true,"href":"https:\/\/www.actualidadadiario.com\/index.php\/wp-json\/wp\/v2\/users\/3"}],"replies":[{"embeddable":true,"href":"https:\/\/www.actualidadadiario.com\/index.php\/wp-json\/wp\/v2\/comments?post=82460"}],"version-history":[{"count":1,"href":"https:\/\/www.actualidadadiario.com\/index.php\/wp-json\/wp\/v2\/posts\/82460\/revisions"}],"predecessor-version":[{"id":82462,"href":"https:\/\/www.actualidadadiario.com\/index.php\/wp-json\/wp\/v2\/posts\/82460\/revisions\/82462"}],"wp:featuredmedia":[{"embeddable":true,"href":"https:\/\/www.actualidadadiario.com\/index.php\/wp-json\/wp\/v2\/media\/82461"}],"wp:attachment":[{"href":"https:\/\/www.actualidadadiario.com\/index.php\/wp-json\/wp\/v2\/media?parent=82460"}],"wp:term":[{"taxonomy":"category","embeddable":true,"href":"https:\/\/www.actualidadadiario.com\/index.php\/wp-json\/wp\/v2\/categories?post=82460"},{"taxonomy":"post_tag","embeddable":true,"href":"https:\/\/www.actualidadadiario.com\/index.php\/wp-json\/wp\/v2\/tags?post=82460"}],"curies":[{"name":"wp","href":"https:\/\/api.w.org\/{rel}","templated":true}]}}