{"id":8246,"date":"2017-03-10T10:34:25","date_gmt":"2017-03-10T13:34:25","guid":{"rendered":"http:\/\/actualidadadiario.com\/site\/?p=8246"},"modified":"2017-03-10T10:34:25","modified_gmt":"2017-03-10T13:34:25","slug":"se-acelero-la-inflacion-en-febrero","status":"publish","type":"post","link":"https:\/\/www.actualidadadiario.com\/index.php\/2017\/03\/10\/se-acelero-la-inflacion-en-febrero\/","title":{"rendered":"Se aceler\u00f3 la inflaci\u00f3n en febrero"},"content":{"rendered":"<p><em><strong>El \u00cdndice de Precios al Consumidor (IPC-Costo de Vida) aument\u00f3 durante febrero el 2,5% en comparaci\u00f3n con enero, y se transform\u00f3 en el n\u00famero m\u00e1s alto de los \u00faltimos ocho meses, alentado por el incremento en los rubros Alimentos, Servicios B\u00e1sicos para el hogar, y Educaci\u00f3n, entre otros, inform\u00f3 el Instituto Nacional de Estad\u00edstica y Censos (INDEC)<\/strong><\/em><\/p>\n<p>&nbsp;<\/p>\n<p>&nbsp;<\/p>\n<p>&nbsp;<\/p>\n<p>&nbsp;<\/p>\n<p>&nbsp;<\/p>\n<p>La suba de las cuotas de la medicina prepaga, de la energ\u00eda el\u00e9ctrica, junto con los alimentos, alentaron este incremento que casi duplic\u00f3 la suba del 1,3 por ciento registrada durante enero.<\/p>\n<p>&nbsp;<\/p>\n<p>A comienzos de marzo, el presidente del Banco Central, Federico Sturzenegger, advirti\u00f3 que se ven\u00edan &#8220;tres meses dif\u00edciles en t\u00e9rminos de inflaci\u00f3n&#8221;, debido a &#8220;la correcci\u00f3n de precios regulados&#8221; lo que mover\u00e1 al nivel general &#8220;por encima de lo que venimos experimentando&#8221;.<\/p>\n<p>&nbsp;<\/p>\n<p>De manera paralela, el ministro de Hacienda, Nicol\u00e1s Dujovne, hab\u00eda anticipado que &#8220;entre febrero y abril se concentran los incrementos de los precios regulados, pero de ninguna manera va a haber un cambio importante&#8221; con el nivel de inflaci\u00f3n registrado en el \u00faltimo semestre del a\u00f1o pasado, cuya proyecci\u00f3n anualizada arrojaba un alza del 16 por ciento.<\/p>\n<p>&nbsp;<\/p>\n<p>M\u00e1s all\u00e1 de las declaraciones, lo cierto es que la suba del 2,5 por ciento del Indec result\u00f3 casi el doble del 1,3 por ciento que hab\u00eda registrado en enero, y se coloc\u00f3 en el m\u00e1ximo de las mediciones privadas.<\/p>\n<p>&nbsp;<\/p>\n<p>De hecho, el \u00edndice de Inflaci\u00f3n del Congreso se ubic\u00f3 en el 2,1 por ciento, registro similar al que concluy\u00f3 la medici\u00f3n que realiza la Confederaci\u00f3n General del Trabajo.<\/p>\n<p>&nbsp;<\/p>\n<p>Entre los aumentos m\u00e1s destacados se erigi\u00f3 el del rubro Alimentos y Bebidas, con un alza del 1,9 por ciento, por subas del 6,9 en Verduras; 2,8 en L\u00e1cteos y Huevos; 2,2 en Panificaci\u00f3n y Cereales;<\/p>\n<p>&nbsp;<\/p>\n<p>Otra suba significativa result\u00f3 la de Viviendas y servicios b\u00e1sicos, con el 8,4 por ciento, signada por el alza de las tarifas el\u00e9ctricas, y de las expensas, por la suba de sueldo a los encargados, que repercuti\u00f3 con un alza del 13,1 en Servicios b\u00e1sicos y combustibles para la vivienda.<\/p>\n<p>&nbsp;<\/p>\n<p>Tambi\u00e9n aument\u00f3 2,8 por ciento los alquileres, y 9,6 los gastos de reparaciones para vivienda.<\/p>\n<p>&nbsp;<\/p>\n<p>Adem\u00e1s, registr\u00f3 un fuerte aumento, 3,3 por ciento, la atenci\u00f3n m\u00e9dica y gastos para la salud, alentada por un alza en las cuotas de las medicinas prepagas.<\/p>\n<p>&nbsp;<\/p>\n<p>Transporte y comunicaciones, con un alza del 2,3 por ciento, reflej\u00f3 la suba de los precios en los peajes y en menor medida, de los abonos de la telefon\u00eda celular.<\/p>\n<p>&nbsp;<\/p>\n<p>Dos rubros mostraron bajas estacionales, como fueron &#8220;Esparcimiento&#8221;, vinculada al turismo, que retrocedi\u00f3 el 0,2 por ciento, e Indumentaria, con un retroceso del 0,5 por ciento, por las liquidaciones de fin de temporada del verano.<\/p>\n<p>&nbsp;<\/p>\n<p>Los bienes, que representan un 61,5 por ciento de la canasta, tuvieron una variaci\u00f3n de 1,4 por ciento, mientras que los servicios, que representan el restante 38,5 tuvieron una variaci\u00f3n de 3,9 con respecto a enero.<\/p>\n<p>&nbsp;<\/p>\n<p>El Indec tiene previsto informar el pr\u00f3ximo mi\u00e9rcoles la variaci\u00f3n del \u00cdndice de Precios Mayoristas, y el Costo de la Construcci\u00f3n.<\/p>\n","protected":false},"excerpt":{"rendered":"<p>El \u00cdndice de Precios al Consumidor (IPC-Costo de Vida) aument\u00f3 durante febrero el 2,5% en comparaci\u00f3n con enero, y se transform\u00f3 en el n\u00famero m\u00e1s alto de los \u00faltimos ocho meses, alentado por el incremento en los rubros Alimentos, Servicios B\u00e1sicos para el hogar, y Educaci\u00f3n, entre otros, inform\u00f3 el Instituto Nacional de Estad\u00edstica y Censos (INDEC) &nbsp; &nbsp; &nbsp; &nbsp; &nbsp; La suba de las cuotas de la medicina prepaga, de la energ\u00eda el\u00e9ctrica, junto con los alimentos, alentaron este incremento que casi duplic\u00f3 la suba del 1,3 por&#8230;<\/p>\n","protected":false},"author":3,"featured_media":8095,"comment_status":"closed","ping_status":"closed","sticky":false,"template":"","format":"standard","meta":[],"categories":[2],"tags":[],"_links":{"self":[{"href":"https:\/\/www.actualidadadiario.com\/index.php\/wp-json\/wp\/v2\/posts\/8246"}],"collection":[{"href":"https:\/\/www.actualidadadiario.com\/index.php\/wp-json\/wp\/v2\/posts"}],"about":[{"href":"https:\/\/www.actualidadadiario.com\/index.php\/wp-json\/wp\/v2\/types\/post"}],"author":[{"embeddable":true,"href":"https:\/\/www.actualidadadiario.com\/index.php\/wp-json\/wp\/v2\/users\/3"}],"replies":[{"embeddable":true,"href":"https:\/\/www.actualidadadiario.com\/index.php\/wp-json\/wp\/v2\/comments?post=8246"}],"version-history":[{"count":1,"href":"https:\/\/www.actualidadadiario.com\/index.php\/wp-json\/wp\/v2\/posts\/8246\/revisions"}],"predecessor-version":[{"id":8247,"href":"https:\/\/www.actualidadadiario.com\/index.php\/wp-json\/wp\/v2\/posts\/8246\/revisions\/8247"}],"wp:featuredmedia":[{"embeddable":true,"href":"https:\/\/www.actualidadadiario.com\/index.php\/wp-json\/wp\/v2\/media\/8095"}],"wp:attachment":[{"href":"https:\/\/www.actualidadadiario.com\/index.php\/wp-json\/wp\/v2\/media?parent=8246"}],"wp:term":[{"taxonomy":"category","embeddable":true,"href":"https:\/\/www.actualidadadiario.com\/index.php\/wp-json\/wp\/v2\/categories?post=8246"},{"taxonomy":"post_tag","embeddable":true,"href":"https:\/\/www.actualidadadiario.com\/index.php\/wp-json\/wp\/v2\/tags?post=8246"}],"curies":[{"name":"wp","href":"https:\/\/api.w.org\/{rel}","templated":true}]}}