{"id":82454,"date":"2022-02-15T13:34:35","date_gmt":"2022-02-15T16:34:35","guid":{"rendered":"https:\/\/www.actualidadadiario.com\/?p=82454"},"modified":"2022-02-15T13:34:35","modified_gmt":"2022-02-15T16:34:35","slug":"el-bloque-del-fdt-en-el-senado-pidio-los-detalles-del-acuerdo-con-el-fmi-previo-a-que-se-trate-en-el-congreso","status":"publish","type":"post","link":"https:\/\/www.actualidadadiario.com\/index.php\/2022\/02\/15\/el-bloque-del-fdt-en-el-senado-pidio-los-detalles-del-acuerdo-con-el-fmi-previo-a-que-se-trate-en-el-congreso\/","title":{"rendered":"El bloque del FdT en el Senado pidi\u00f3 los detalles del acuerdo con el FMI previo a que se trate en el Congreso"},"content":{"rendered":"<p style=\"text-align: center;\"><em><strong>Jos\u00e9 Mayans dio a entender que no votar\u00e1n el acuerdo a libro cerrado y asegur\u00f3 que los puntos del acuerdo permiten \u201csaber en qu\u00e9 compromiso vamos a meter al pa\u00eds\u201d<\/strong><\/em><\/p>\n<p>&nbsp;<\/p>\n<p>&nbsp;<\/p>\n<p>El principio de acuerdo al que lleg\u00f3 el Gobierno con el Fondo Monetario Internacional (FMI) contin\u00faa generando revuelo al interior del Frente de Todos. En esta oportunidad, el presidente del bloque del Senado, Jos\u00e9 Mayans, admiti\u00f3 haberle pedido al representante del FMI en la Argentina, Sergio Chodos y al ministro de Econom\u00eda, Mart\u00edn Guzm\u00e1n \u201clos detalles\u201d de la negociaci\u00f3n \u201cpara saber en qu\u00e9 compromiso vamos a meter al pa\u00eds\u201d.<\/p>\n<p>A pesar de haber revivido los fantasmas presentes desde la renuncia de M\u00e1ximo Kirchner, el titular del bloque de la C\u00e1mara Alta declar\u00f3 que no tiene dudas &#8220;de la buena fe del ministro&#8221; Guzm\u00e1n, ni de la \u201cgesti\u00f3n que viene realizando junto a Chodos. &#8220;Para eso tambi\u00e9n estamos nosotros. El pueblo argentino ha votado representantes y espera que hagamos las cosas bien&#8221;, justific\u00f3 Mayans en declaraciones radiales.<\/p>\n<p>Asimismo, se\u00f1al\u00f3: \u201cEs m\u00e1s conveniente que el debate se inicie en Diputados por las circunstancias y las visiones que hay con respecto al endeudamiento p\u00fablico\u201d. En la misma l\u00ednea, advirti\u00f3 que \u201cel FMI tiene requerimientos para el Banco Central, sobre el d\u00e9ficit, pide la suba de tarifas y la elevaci\u00f3n de las tasas\u201d y \u201chabr\u00e1 que ver c\u00f3mo impacta eso en la econom\u00eda\u201d.<\/p>\n<p>Para el senador, dentro del Frente de Todos \u201chay disidencias sobre si el compromiso es sostenible\u201d, por lo que afirm\u00f3, mantendr\u00e1n una reuni\u00f3n con todos los integrantes, y a posterior, comunicar\u00e1n la postura que adoptar\u00e1n los funcionarios.<\/p>\n<p>Entre los puntos del acuerdo que generan repercusi\u00f3n, el presidente del bloque se\u00f1al\u00f3 que hace falta discutir el monitoreo trimestral que pretende hacer el Fondo Monetario. \u201cDespu\u00e9s de lo que hicieron, quieren someternos a un monitoreo trimestral para que ellos conduzcan pr\u00e1cticamente la econom\u00eda del pa\u00eds&#8221;, denunci\u00f3.<\/p>\n<p>\u201cArgentina no puede afrontar el compromiso de los dos pagos de 20 mil millones de d\u00f3lares\u201d, se adelant\u00f3 el legislador, y reiter\u00f3: \u201cEl nivel de deuda que dej\u00f3 el Gobierno de Macri fue desastroso, deja una deuda de 320 mil millones de d\u00f3lares m\u00e1s una proyecci\u00f3n de 100 mil millones de intereses\u201d.<\/p>\n<p>El senador aprovech\u00f3 para criticar la gesti\u00f3n del expresidente, Mauricio Macri y la contracci\u00f3n de la deuda. \u201cHay una deuda que es ileg\u00edtima e ilegal porque no ha pasado por el Congreso. Esa plata entr\u00f3 y sali\u00f3 del pa\u00eds, y ahora todo el mundo tendr\u00e1 que pagar la ineptitud y la impericia del Gobierno de Macri\u201d, dispar\u00f3.<\/p>\n<p>Tambi\u00e9n, cuestion\u00f3 el rol de la oposici\u00f3n ante la reestructuraci\u00f3n: \u201cEn las \u00faltimas sesiones, Juntos por el Cambio lo \u00fanico que hizo fue dejarnos sin qu\u00f3rum, es dif\u00edcil trabajar as\u00ed; el pa\u00eds est\u00e1 sin presupuesto y sin previsi\u00f3n\u201d.<\/p>\n<p>A su turno, su par y compa\u00f1ero de bloque, Pablo Yedlin afirm\u00f3 en di\u00e1logo con Radio Metro que \u201cno ve muchas alternativas\u201d ante la situaci\u00f3n, y diagnostic\u00f3: \u201cNo solamente estamos con las reservas muy bajas sino que adem\u00e1s si no tuvi\u00e9ramos un acuerdo, en marzo, no solo no llegar\u00edan los siete mil millones, sino que tendr\u00edamos que pagar 13 mil millones\u201d.<\/p>\n<p>\u201cEl FMI es una cosa macro y me parece que, con toda la confianza que tengo en el equipo del presidente, nosotros tenemos que apoyar al Gobierno nuestro en ese sentido\u201d, pidi\u00f3 Yedlin.<\/p>\n<p>Por \u00faltimo, el funcionario destac\u00f3 la labor de Juan Manzur dentro del Gobierno.<\/p>\n","protected":false},"excerpt":{"rendered":"<p>Jos\u00e9 Mayans dio a entender que no votar\u00e1n el acuerdo a libro cerrado y asegur\u00f3 que los puntos del acuerdo permiten \u201csaber en qu\u00e9 compromiso vamos a meter al pa\u00eds\u201d &nbsp; &nbsp; El principio de acuerdo al que lleg\u00f3 el Gobierno con el Fondo Monetario Internacional (FMI) contin\u00faa generando revuelo al interior del Frente de Todos. En esta oportunidad, el presidente del bloque del Senado, Jos\u00e9 Mayans, admiti\u00f3 haberle pedido al representante del FMI en la Argentina, Sergio Chodos y al ministro de Econom\u00eda, Mart\u00edn Guzm\u00e1n \u201clos detalles\u201d de la&#8230;<\/p>\n","protected":false},"author":3,"featured_media":82455,"comment_status":"closed","ping_status":"closed","sticky":false,"template":"","format":"standard","meta":[],"categories":[18],"tags":[],"_links":{"self":[{"href":"https:\/\/www.actualidadadiario.com\/index.php\/wp-json\/wp\/v2\/posts\/82454"}],"collection":[{"href":"https:\/\/www.actualidadadiario.com\/index.php\/wp-json\/wp\/v2\/posts"}],"about":[{"href":"https:\/\/www.actualidadadiario.com\/index.php\/wp-json\/wp\/v2\/types\/post"}],"author":[{"embeddable":true,"href":"https:\/\/www.actualidadadiario.com\/index.php\/wp-json\/wp\/v2\/users\/3"}],"replies":[{"embeddable":true,"href":"https:\/\/www.actualidadadiario.com\/index.php\/wp-json\/wp\/v2\/comments?post=82454"}],"version-history":[{"count":1,"href":"https:\/\/www.actualidadadiario.com\/index.php\/wp-json\/wp\/v2\/posts\/82454\/revisions"}],"predecessor-version":[{"id":82456,"href":"https:\/\/www.actualidadadiario.com\/index.php\/wp-json\/wp\/v2\/posts\/82454\/revisions\/82456"}],"wp:featuredmedia":[{"embeddable":true,"href":"https:\/\/www.actualidadadiario.com\/index.php\/wp-json\/wp\/v2\/media\/82455"}],"wp:attachment":[{"href":"https:\/\/www.actualidadadiario.com\/index.php\/wp-json\/wp\/v2\/media?parent=82454"}],"wp:term":[{"taxonomy":"category","embeddable":true,"href":"https:\/\/www.actualidadadiario.com\/index.php\/wp-json\/wp\/v2\/categories?post=82454"},{"taxonomy":"post_tag","embeddable":true,"href":"https:\/\/www.actualidadadiario.com\/index.php\/wp-json\/wp\/v2\/tags?post=82454"}],"curies":[{"name":"wp","href":"https:\/\/api.w.org\/{rel}","templated":true}]}}