{"id":82452,"date":"2022-02-15T13:33:56","date_gmt":"2022-02-15T16:33:56","guid":{"rendered":"https:\/\/www.actualidadadiario.com\/?p=82452"},"modified":"2022-02-15T13:33:56","modified_gmt":"2022-02-15T16:33:56","slug":"morales-volvio-a-la-carga-tenemos-que-ir-hacia-un-sistema-de-subsidios-mas-justo","status":"publish","type":"post","link":"https:\/\/www.actualidadadiario.com\/index.php\/2022\/02\/15\/morales-volvio-a-la-carga-tenemos-que-ir-hacia-un-sistema-de-subsidios-mas-justo\/","title":{"rendered":"Morales volvi\u00f3 a la carga: \u201cTenemos que ir hacia un sistema de subsidios m\u00e1s justo\u201d"},"content":{"rendered":"<p style=\"text-align: center;\"><em><strong>El gobernador radical apunt\u00f3 contra la concentraci\u00f3n en las ayudas del Estado nacional para el transporte en AMBA y dispar\u00f3 contra sus aliados del PRO. \u201cEs m\u00e1s f\u00e1cil gobernar CABA que otro distrito\u201d, dijo<\/strong><\/em><\/p>\n<p>&nbsp;<\/p>\n<p>&nbsp;<\/p>\n<p>El gobernador de Jujuy, Gerardo Morales, pidi\u00f3 este lunes \u201cir a un sistema de subsidios m\u00e1s justo porque est\u00e1n todos concentrados en el \u00e1rea metropolitana\u201d, en detrimento del interior del pa\u00eds. En este contexto, el juje\u00f1o apunt\u00f3 para sus compa\u00f1eros de coalici\u00f3n del PRO y consider\u00f3 que \u201ces m\u00e1s f\u00e1cil gobernar la Ciudad\u201d que otro distrito.<\/p>\n<p>El presidente de la Uni\u00f3n C\u00edvica Radical record\u00f3 que \u201clos vecinos del \u00e1rea metropolitana terminan pagando 18 pesos un boleto mientras en las provincias cuesta 50 pesos, con subsidios por colectivo cuatro veces superiores en el AMBA a los que llegan al interior\u201d, remarc\u00f3.<\/p>\n<p>Morales se encarg\u00f3 de aclarar que su cr\u00edtica por el reparto de los subsidios incluye a todo el \u00e1rea metropolitana, es decir, la Ciudad de Buenos Aires y el Conurbano bonaerense. El radical dijo que el escenario actual \u201ces muy injusto\u201d pero ampli\u00f3: \u201cLo que me parecer\u00eda injusto es que solo le quite los subsidios a CABA\u201d.<\/p>\n<p>\u201cHay que ir a un sistema de subsidios m\u00e1s justo porque est\u00e1n todos concentrados en el \u00e1rea metropolitana\u201d, reclam\u00f3 el gobernador radical cuando fuera consultado por el plan de segmentaci\u00f3n de tarifas que planea el Gobierno y que implica una quita de subsidios a la energ\u00eda y al gas en una medida que afectar\u00e1 el \u00c1rea Metropolitana de Buenos Aires (AMBA).<\/p>\n<p>\u201cPagan menos que el interior y es una realidad. No s\u00e9 si me reporta m\u00e1s o menos votos\u201d, concluy\u00f3.<\/p>\n","protected":false},"excerpt":{"rendered":"<p>El gobernador radical apunt\u00f3 contra la concentraci\u00f3n en las ayudas del Estado nacional para el transporte en AMBA y dispar\u00f3 contra sus aliados del PRO. \u201cEs m\u00e1s f\u00e1cil gobernar CABA que otro distrito\u201d, dijo &nbsp; &nbsp; El gobernador de Jujuy, Gerardo Morales, pidi\u00f3 este lunes \u201cir a un sistema de subsidios m\u00e1s justo porque est\u00e1n todos concentrados en el \u00e1rea metropolitana\u201d, en detrimento del interior del pa\u00eds. En este contexto, el juje\u00f1o apunt\u00f3 para sus compa\u00f1eros de coalici\u00f3n del PRO y consider\u00f3 que \u201ces m\u00e1s f\u00e1cil gobernar la Ciudad\u201d que&#8230;<\/p>\n","protected":false},"author":3,"featured_media":81096,"comment_status":"closed","ping_status":"closed","sticky":false,"template":"","format":"standard","meta":[],"categories":[18],"tags":[],"_links":{"self":[{"href":"https:\/\/www.actualidadadiario.com\/index.php\/wp-json\/wp\/v2\/posts\/82452"}],"collection":[{"href":"https:\/\/www.actualidadadiario.com\/index.php\/wp-json\/wp\/v2\/posts"}],"about":[{"href":"https:\/\/www.actualidadadiario.com\/index.php\/wp-json\/wp\/v2\/types\/post"}],"author":[{"embeddable":true,"href":"https:\/\/www.actualidadadiario.com\/index.php\/wp-json\/wp\/v2\/users\/3"}],"replies":[{"embeddable":true,"href":"https:\/\/www.actualidadadiario.com\/index.php\/wp-json\/wp\/v2\/comments?post=82452"}],"version-history":[{"count":1,"href":"https:\/\/www.actualidadadiario.com\/index.php\/wp-json\/wp\/v2\/posts\/82452\/revisions"}],"predecessor-version":[{"id":82453,"href":"https:\/\/www.actualidadadiario.com\/index.php\/wp-json\/wp\/v2\/posts\/82452\/revisions\/82453"}],"wp:featuredmedia":[{"embeddable":true,"href":"https:\/\/www.actualidadadiario.com\/index.php\/wp-json\/wp\/v2\/media\/81096"}],"wp:attachment":[{"href":"https:\/\/www.actualidadadiario.com\/index.php\/wp-json\/wp\/v2\/media?parent=82452"}],"wp:term":[{"taxonomy":"category","embeddable":true,"href":"https:\/\/www.actualidadadiario.com\/index.php\/wp-json\/wp\/v2\/categories?post=82452"},{"taxonomy":"post_tag","embeddable":true,"href":"https:\/\/www.actualidadadiario.com\/index.php\/wp-json\/wp\/v2\/tags?post=82452"}],"curies":[{"name":"wp","href":"https:\/\/api.w.org\/{rel}","templated":true}]}}