{"id":82447,"date":"2022-02-15T13:31:15","date_gmt":"2022-02-15T16:31:15","guid":{"rendered":"https:\/\/www.actualidadadiario.com\/?p=82447"},"modified":"2022-02-15T13:31:15","modified_gmt":"2022-02-15T16:31:15","slug":"vuelve-una-nueva-version-del-plan-qunita","status":"publish","type":"post","link":"https:\/\/www.actualidadadiario.com\/index.php\/2022\/02\/15\/vuelve-una-nueva-version-del-plan-qunita\/","title":{"rendered":"Vuelve una nueva versi\u00f3n del Plan Qunita"},"content":{"rendered":"<p style=\"text-align: center;\"><em><strong>Se realizar\u00e1 la contrataci\u00f3n directa para la &#8220;adquisici\u00f3n de 14.000 kits de cuna-mois\u00e9s y accesorios&#8221;, en el marco del Plan de los 1000 d\u00edas que ofrece asistencia durante el embarazo y los primeros tres a\u00f1os de vida de ni\u00f1os y ni\u00f1as<\/strong><\/em><\/p>\n<p>&nbsp;<\/p>\n<p>&nbsp;<\/p>\n<p>El Ministerio de Salud aprob\u00f3 este martes la contrataci\u00f3n directa para la &#8220;adquisici\u00f3n de 14.000 kits de cuna-mois\u00e9s y accesorios&#8221;, en el marco del Plan de los 1000 d\u00edas que ofrece asistencia durante el embarazo y los primeros tres a\u00f1os de vida de ni\u00f1os y ni\u00f1as.<\/p>\n<p>As\u00ed fue oficializado a trav\u00e9s de la Decisi\u00f3n Administrativa 175\/2022, publicada este martes en el Bolet\u00edn Oficial, que lleva la firma del jefe de Gabinete, Juan Manzur; y de la ministra de la cartera sanitaria, Carla Vizzotti.<\/p>\n<p>La iniciativa es una nueva versi\u00f3n del programa Qunita, que hab\u00eda sido lanzado durante el gobierno de Cristina Kirchner, plan que hab\u00eda sido suspendido durante la gesti\u00f3n de Mauricio Macri y llevado a justicia, pero en 2021 todos los acusados fueron sobrese\u00eddos.<\/p>\n<p>En el art\u00edculo 2 de la norma, se adjudica la contrataci\u00f3n directa a favor del Ente de Cooperaci\u00f3n T\u00e9cnica y Financiera del Servicio Penitenciario Federal, ya que detenidos en c\u00e1rceles federales se ocupar\u00e1n de la fabricaci\u00f3n de los kits.<\/p>\n<p>La operaci\u00f3n ser\u00e1 por un monto de $277.200.000, al tiempo que la norma faculta a la ministra para la &#8220;ampliaci\u00f3n, disminuci\u00f3n, resoluci\u00f3n y rescisi\u00f3n respecto de la Contrataci\u00f3n Directa Interadministrativa&#8221;.<\/p>\n<p>El monto de la compra se &#8220;imputar\u00e1 con cargo a las partidas presupuestarias del Ministerio de Salud&#8221;, aclara el texto.<\/p>\n<p>Entre los considerandos se detalla que el fin de la contrataci\u00f3n es &#8220;reducir las muertes infantiles domiciliarias y contribuir tanto a la salud f\u00edsica y mental&#8221;.<\/p>\n<p>Tambi\u00e9n busca el &#8220;pleno desarrollo del lactante, en el marco de la Estrategia Nacional de Sue\u00f1o Seguro del Lactante en virtud del \u201cPlan 1000 d\u00edas\u201d, lanzado por las autoridades.<\/p>\n","protected":false},"excerpt":{"rendered":"<p>Se realizar\u00e1 la contrataci\u00f3n directa para la &#8220;adquisici\u00f3n de 14.000 kits de cuna-mois\u00e9s y accesorios&#8221;, en el marco del Plan de los 1000 d\u00edas que ofrece asistencia durante el embarazo y los primeros tres a\u00f1os de vida de ni\u00f1os y ni\u00f1as &nbsp; &nbsp; El Ministerio de Salud aprob\u00f3 este martes la contrataci\u00f3n directa para la &#8220;adquisici\u00f3n de 14.000 kits de cuna-mois\u00e9s y accesorios&#8221;, en el marco del Plan de los 1000 d\u00edas que ofrece asistencia durante el embarazo y los primeros tres a\u00f1os de vida de ni\u00f1os y ni\u00f1as. As\u00ed&#8230;<\/p>\n","protected":false},"author":3,"featured_media":82448,"comment_status":"closed","ping_status":"closed","sticky":false,"template":"","format":"standard","meta":[],"categories":[9],"tags":[],"_links":{"self":[{"href":"https:\/\/www.actualidadadiario.com\/index.php\/wp-json\/wp\/v2\/posts\/82447"}],"collection":[{"href":"https:\/\/www.actualidadadiario.com\/index.php\/wp-json\/wp\/v2\/posts"}],"about":[{"href":"https:\/\/www.actualidadadiario.com\/index.php\/wp-json\/wp\/v2\/types\/post"}],"author":[{"embeddable":true,"href":"https:\/\/www.actualidadadiario.com\/index.php\/wp-json\/wp\/v2\/users\/3"}],"replies":[{"embeddable":true,"href":"https:\/\/www.actualidadadiario.com\/index.php\/wp-json\/wp\/v2\/comments?post=82447"}],"version-history":[{"count":1,"href":"https:\/\/www.actualidadadiario.com\/index.php\/wp-json\/wp\/v2\/posts\/82447\/revisions"}],"predecessor-version":[{"id":82449,"href":"https:\/\/www.actualidadadiario.com\/index.php\/wp-json\/wp\/v2\/posts\/82447\/revisions\/82449"}],"wp:featuredmedia":[{"embeddable":true,"href":"https:\/\/www.actualidadadiario.com\/index.php\/wp-json\/wp\/v2\/media\/82448"}],"wp:attachment":[{"href":"https:\/\/www.actualidadadiario.com\/index.php\/wp-json\/wp\/v2\/media?parent=82447"}],"wp:term":[{"taxonomy":"category","embeddable":true,"href":"https:\/\/www.actualidadadiario.com\/index.php\/wp-json\/wp\/v2\/categories?post=82447"},{"taxonomy":"post_tag","embeddable":true,"href":"https:\/\/www.actualidadadiario.com\/index.php\/wp-json\/wp\/v2\/tags?post=82447"}],"curies":[{"name":"wp","href":"https:\/\/api.w.org\/{rel}","templated":true}]}}