{"id":82445,"date":"2022-02-15T13:30:28","date_gmt":"2022-02-15T16:30:28","guid":{"rendered":"https:\/\/www.actualidadadiario.com\/?p=82445"},"modified":"2022-02-15T13:30:28","modified_gmt":"2022-02-15T16:30:28","slug":"se-viene-otro-feriado-xxl-por-carnavales-cuando-sera-el-proximo-fin-de-semana-largo","status":"publish","type":"post","link":"https:\/\/www.actualidadadiario.com\/index.php\/2022\/02\/15\/se-viene-otro-feriado-xxl-por-carnavales-cuando-sera-el-proximo-fin-de-semana-largo\/","title":{"rendered":"Se viene otro feriado XXL por Carnavales: \u00bfcu\u00e1ndo ser\u00e1 el pr\u00f3ximo fin de semana largo?"},"content":{"rendered":"<p style=\"text-align: center;\"><em><strong>Muy pronto habr\u00e1 un feriado que dar\u00e1 la posibilidad de descansar por el fin de semana largo a los argentinos o irse de vacaciones, en caso de que puedan<\/strong><\/em><\/p>\n<p>&nbsp;<\/p>\n<p>&nbsp;<\/p>\n<p>Muy pronto habr\u00e1 un feriado que dar\u00e1 la posibilidad de descansar por el fin de semana largo a los argentinos o irse de vacaciones, en caso de que puedan. Conoc\u00e9 cu\u00e1l ser\u00e1 el pr\u00f3ximo fin de semana largo de 2022 en Argentina.<\/p>\n<p>&nbsp;<\/p>\n<p><strong>Feriados 2022: \u00bfcu\u00e1ndo es el pr\u00f3ximo fin de semana largo?<\/strong><\/p>\n<p>El primer fin de semana largo de 2022 ser\u00e1 este mes, en febrero, ya que desde el s\u00e1bado 26 al martes 1 de marzo ser\u00e1 feriado de Carnaval. Por lo tanto, el lunes 28 y martes 1\u00b0 no se trabajar\u00e1.<\/p>\n<p>&nbsp;<\/p>\n<p><strong>Feriados en 2022: \u00bfCu\u00e1ntos fin de semana largos habr\u00e1?<\/strong><\/p>\n<p>Este 2022 contar\u00e1 con cuatro fin de semana largos, de cuatro d\u00edas cada uno, -a saber: del s\u00e1bado 26 de febrero al martes 1\u00b0 de marzo; del viernes 17 al lunes 20 de junio; del viernes 7 al lunes 10 de octubre; y del jueves 8 al domingo 11 de diciembre-, los que contribuir\u00e1n a impulsar las escapadas y, con ellas, la reactivaci\u00f3n de la actividad tur\u00edstica.<\/p>\n<p>&nbsp;<\/p>\n<p><strong>Calendario de Feriados 2022<\/strong><\/p>\n<ul>\n<li>28 de febrero: Feriados de Carnaval<\/li>\n<li>1\u00b0 de marzo: Feriados de Carnaval<\/li>\n<li>24 de marzo: D\u00eda Nacional de la Memoria por la Verdad y la Justicia<\/li>\n<li>2 de abril: D\u00eda del Veterano y de los Ca\u00eddos en la Guerra de Malvinas<\/li>\n<li>15 de abril: Viernes Santo<\/li>\n<li>1\u00b0 de mayo: D\u00eda del Trabajador<\/li>\n<li>25 de mayo: D\u00eda de la Revoluci\u00f3n de Mayo<\/li>\n<li>17 de junio: Paso a la Inmortalidad del General Don Mart\u00edn Miguel de G\u00fcemes se celebrar\u00e1 el mismo viernes<\/li>\n<li>20 de junio: Paso a la Inmortalidad del General Manuel Belgrano<\/li>\n<li>9 de julio: D\u00eda de la Independencia<\/li>\n<li>17 de agosto: Paso a la Inmortalidad del General. Jos\u00e9 de San Mart\u00edn se celebrar\u00e1 el 15 de agosto<\/li>\n<li>7 de octubre: Feriado con fines tur\u00edsticos<\/li>\n<li>12 de octubre: D\u00eda del Respeto a la Diversidad Cultural se celebrar\u00e1 el 10 de octubre<\/li>\n<li>21 de noviembre: Feriado con fines tur\u00edsticos<\/li>\n<li>8 de diciembre: D\u00eda de la Inmaculada Concepci\u00f3n de Mar\u00eda<\/li>\n<li>9 de diciembre: Feriado con fines tur\u00edsticos<\/li>\n<li>25 de diciembre: Navidad<\/li>\n<\/ul>\n","protected":false},"excerpt":{"rendered":"<p>Muy pronto habr\u00e1 un feriado que dar\u00e1 la posibilidad de descansar por el fin de semana largo a los argentinos o irse de vacaciones, en caso de que puedan &nbsp; &nbsp; Muy pronto habr\u00e1 un feriado que dar\u00e1 la posibilidad de descansar por el fin de semana largo a los argentinos o irse de vacaciones, en caso de que puedan. Conoc\u00e9 cu\u00e1l ser\u00e1 el pr\u00f3ximo fin de semana largo de 2022 en Argentina. &nbsp; Feriados 2022: \u00bfcu\u00e1ndo es el pr\u00f3ximo fin de semana largo? El primer fin de semana largo&#8230;<\/p>\n","protected":false},"author":3,"featured_media":40986,"comment_status":"closed","ping_status":"closed","sticky":false,"template":"","format":"standard","meta":[],"categories":[2],"tags":[],"_links":{"self":[{"href":"https:\/\/www.actualidadadiario.com\/index.php\/wp-json\/wp\/v2\/posts\/82445"}],"collection":[{"href":"https:\/\/www.actualidadadiario.com\/index.php\/wp-json\/wp\/v2\/posts"}],"about":[{"href":"https:\/\/www.actualidadadiario.com\/index.php\/wp-json\/wp\/v2\/types\/post"}],"author":[{"embeddable":true,"href":"https:\/\/www.actualidadadiario.com\/index.php\/wp-json\/wp\/v2\/users\/3"}],"replies":[{"embeddable":true,"href":"https:\/\/www.actualidadadiario.com\/index.php\/wp-json\/wp\/v2\/comments?post=82445"}],"version-history":[{"count":1,"href":"https:\/\/www.actualidadadiario.com\/index.php\/wp-json\/wp\/v2\/posts\/82445\/revisions"}],"predecessor-version":[{"id":82446,"href":"https:\/\/www.actualidadadiario.com\/index.php\/wp-json\/wp\/v2\/posts\/82445\/revisions\/82446"}],"wp:featuredmedia":[{"embeddable":true,"href":"https:\/\/www.actualidadadiario.com\/index.php\/wp-json\/wp\/v2\/media\/40986"}],"wp:attachment":[{"href":"https:\/\/www.actualidadadiario.com\/index.php\/wp-json\/wp\/v2\/media?parent=82445"}],"wp:term":[{"taxonomy":"category","embeddable":true,"href":"https:\/\/www.actualidadadiario.com\/index.php\/wp-json\/wp\/v2\/categories?post=82445"},{"taxonomy":"post_tag","embeddable":true,"href":"https:\/\/www.actualidadadiario.com\/index.php\/wp-json\/wp\/v2\/tags?post=82445"}],"curies":[{"name":"wp","href":"https:\/\/api.w.org\/{rel}","templated":true}]}}