{"id":82439,"date":"2022-02-15T13:28:21","date_gmt":"2022-02-15T16:28:21","guid":{"rendered":"https:\/\/www.actualidadadiario.com\/?p=82439"},"modified":"2022-02-15T13:28:21","modified_gmt":"2022-02-15T16:28:21","slug":"declaran-el-estado-de-emergencia-agropecuaria-en-la-provincia-de-mendoza","status":"publish","type":"post","link":"https:\/\/www.actualidadadiario.com\/index.php\/2022\/02\/15\/declaran-el-estado-de-emergencia-agropecuaria-en-la-provincia-de-mendoza\/","title":{"rendered":"Declaran el estado de emergencia agropecuaria en la provincia de Mendoza"},"content":{"rendered":"<p style=\"text-align: center;\"><em><strong>Beneficia a productores afectados por el granizo y se extender\u00e1 hasta el 31de marzo de 2023<\/strong><\/em><\/p>\n<p>&nbsp;<\/p>\n<p>&nbsp;<\/p>\n<p>El Gobierno declar\u00f3 el estado de emergencia y\/o desastre agropecuario en explotaciones rurales ubicadas en la provincia de Mendoza, que fueron afectadas por el granizo. Por medio de la Resoluci\u00f3n 27\/2022, el Ministerio de Agricultura precis\u00f3 que esa declaraci\u00f3n se extiende desde el primero de enero \u00faltimo hasta el 31 de marzo de 2023.<\/p>\n<p>La medida beneficia a los productores de los departamentos de Tunuy\u00e1n, Tupungato, Jun\u00edn, Rivadavia, San Mart\u00edn, Santa Rosa, Lavalle, Maip\u00fa, Luj\u00e1n de Cuyo, Las Heras, General Alvear y San Rafael.<\/p>\n<p>Agricultura determin\u00f3 que el 31 de marzo de 2023 es la fecha de finalizaci\u00f3n del ciclo productivo para las explotaciones agropecuarias afectadas, fecha en la que finalizar\u00e1 la declaraci\u00f3n de emergencia y\/o desastre agropecuario.<\/p>\n<p>Seg\u00fan lo dispuesto, los productores afectados deber\u00e1n presentar certificado extendido por la autoridad competente de la provincia, en el que conste que sus predios o explotaciones se encuentran comprendidos en los casos previstos en esta Resoluci\u00f3n.<\/p>\n<p>Adem\u00e1s, Agricultura dispuso que las instituciones bancarias nacionales, oficiales o mixtas y la AFIP, &#8220;arbitrar\u00e1n los medios necesarios para que los productores agropecuarios comprendidos en la presente resoluci\u00f3n gocen de los beneficios previstos en la Ley N\u00b0 26.509&#8221;, de emergencia agropecuaria.<\/p>\n<p>El Ministerio justific\u00f3 esta decisi\u00f3n al se\u00f1alar que la Comisi\u00f3n Nacional de Emergencias y Desastres Agropecuarios, luego de analizar la situaci\u00f3n provincial, recomend\u00f3 declarar el estado de emergencia y\/o desastre agropecuario, seg\u00fan corresponda, en los t\u00e9rminos de la Ley N\u00ba 26.509, con el alcance propuesto por la provincia de Mendoza.<\/p>\n<p>Asimismo, esa Comisi\u00f3n estableci\u00f3 al 31 de marzo de 2023, como fecha de finalizaci\u00f3n del ciclo productivo para las explotaciones afectadas, de acuerdo con lo estipulado por el decreto N\u00ba 1.712 de noviembre de 2009.<\/p>\n","protected":false},"excerpt":{"rendered":"<p>Beneficia a productores afectados por el granizo y se extender\u00e1 hasta el 31de marzo de 2023 &nbsp; &nbsp; El Gobierno declar\u00f3 el estado de emergencia y\/o desastre agropecuario en explotaciones rurales ubicadas en la provincia de Mendoza, que fueron afectadas por el granizo. Por medio de la Resoluci\u00f3n 27\/2022, el Ministerio de Agricultura precis\u00f3 que esa declaraci\u00f3n se extiende desde el primero de enero \u00faltimo hasta el 31 de marzo de 2023. La medida beneficia a los productores de los departamentos de Tunuy\u00e1n, Tupungato, Jun\u00edn, Rivadavia, San Mart\u00edn, Santa Rosa,&#8230;<\/p>\n","protected":false},"author":3,"featured_media":82440,"comment_status":"closed","ping_status":"closed","sticky":false,"template":"","format":"standard","meta":[],"categories":[2],"tags":[],"_links":{"self":[{"href":"https:\/\/www.actualidadadiario.com\/index.php\/wp-json\/wp\/v2\/posts\/82439"}],"collection":[{"href":"https:\/\/www.actualidadadiario.com\/index.php\/wp-json\/wp\/v2\/posts"}],"about":[{"href":"https:\/\/www.actualidadadiario.com\/index.php\/wp-json\/wp\/v2\/types\/post"}],"author":[{"embeddable":true,"href":"https:\/\/www.actualidadadiario.com\/index.php\/wp-json\/wp\/v2\/users\/3"}],"replies":[{"embeddable":true,"href":"https:\/\/www.actualidadadiario.com\/index.php\/wp-json\/wp\/v2\/comments?post=82439"}],"version-history":[{"count":1,"href":"https:\/\/www.actualidadadiario.com\/index.php\/wp-json\/wp\/v2\/posts\/82439\/revisions"}],"predecessor-version":[{"id":82441,"href":"https:\/\/www.actualidadadiario.com\/index.php\/wp-json\/wp\/v2\/posts\/82439\/revisions\/82441"}],"wp:featuredmedia":[{"embeddable":true,"href":"https:\/\/www.actualidadadiario.com\/index.php\/wp-json\/wp\/v2\/media\/82440"}],"wp:attachment":[{"href":"https:\/\/www.actualidadadiario.com\/index.php\/wp-json\/wp\/v2\/media?parent=82439"}],"wp:term":[{"taxonomy":"category","embeddable":true,"href":"https:\/\/www.actualidadadiario.com\/index.php\/wp-json\/wp\/v2\/categories?post=82439"},{"taxonomy":"post_tag","embeddable":true,"href":"https:\/\/www.actualidadadiario.com\/index.php\/wp-json\/wp\/v2\/tags?post=82439"}],"curies":[{"name":"wp","href":"https:\/\/api.w.org\/{rel}","templated":true}]}}