{"id":82436,"date":"2022-02-15T13:26:57","date_gmt":"2022-02-15T16:26:57","guid":{"rendered":"https:\/\/www.actualidadadiario.com\/?p=82436"},"modified":"2022-02-15T13:26:57","modified_gmt":"2022-02-15T16:26:57","slug":"se-prendio-fuego-un-avion-hidrante-que-combatia-focos-de-incendio-forestal-en-corrientes","status":"publish","type":"post","link":"https:\/\/www.actualidadadiario.com\/index.php\/2022\/02\/15\/se-prendio-fuego-un-avion-hidrante-que-combatia-focos-de-incendio-forestal-en-corrientes\/","title":{"rendered":"Se prendi\u00f3 fuego un avi\u00f3n hidrante que combat\u00eda focos de incendio forestal en Corrientes"},"content":{"rendered":"<p style=\"text-align: center;\"><em><strong>Un desperfecto inici\u00f3 las llamas en la aeronave mientras era reabastecida de combustible. No hubo heridos. Ya hay 519 mil hect\u00e1reas comprometidas por los incendios en la provincia litoral<\/strong><\/em><\/p>\n<p>&nbsp;<\/p>\n<p>&nbsp;<\/p>\n<p>Un avi\u00f3n hidrante que combat\u00eda los incendios en la localidad de Ituzaing\u00f3, en la provincia de Corrientes, sufri\u00f3 un desperfecto el\u00e9ctrico y se incendi\u00f3 cuando era reabastecido de combustible, se inform\u00f3 oficialmente.<\/p>\n<p>El Ministerio de la Producci\u00f3n de Corrientes precis\u00f3 que el piloto no estaba a bordo de la aeronave al momento del siniestro, por lo que \u00abs\u00f3lo hubo da\u00f1os materiales\u00bb.<\/p>\n<p>La Junta de Seguridad en el Transporte, por su parte, indic\u00f3 que el accidente se registr\u00f3 ayer a las 19.30 y que el hecho es investigado por las sedes Corrientes y C\u00f3rdoba del organismo.<\/p>\n<p>El avi\u00f3n hidrante era parte de la flota contratada por el Gobierno correntino, seg\u00fan inform\u00f3 el Ministerio de la Producci\u00f3n provincial a trav\u00e9s de su cuenta oficial de Twitter.<\/p>\n<p>Los incendios en zonas rurales siguen azotando a varias zonas de la provincia y ya fueron afectadas 519 mil hect\u00e1reas.<\/p>\n<p>\u00abLa zona m\u00e1s complicada sigue siendo Ituzaing\u00f3\u00bb, dijo el jefe de Operaciones de Defensa Civil, Orlando Bertoni, sobre la localidad del norte provincial ubicada a 250 kil\u00f3metros de la capital correntina.<\/p>\n<p>El funcionario indic\u00f3, adem\u00e1s, que un gran hotel de la cadena internacional Howard Johnson, ubicado a la vera del r\u00edo Paran\u00e1, \u00abse evacu\u00f3 por la amenaza de las llamas y especialmente por el humo\u00bb, al igual que viviendas de la zona.<\/p>\n<p>En las acciones para sofocar el fuego intervienen aviones hidrantes enviados por el Ministerio de Ambiente y Desarrollo Sostenible de la Naci\u00f3n y otros contratados por el Gobierno provincial, brigadistas del Servicio Nacional del Manejo del Fuego (SNMF), bomberos de la Provincia, bomberos voluntarios y efectivos de fuerzas provinciales y federales, informaron fuentes oficiales.<\/p>\n","protected":false},"excerpt":{"rendered":"<p>Un desperfecto inici\u00f3 las llamas en la aeronave mientras era reabastecida de combustible. No hubo heridos. Ya hay 519 mil hect\u00e1reas comprometidas por los incendios en la provincia litoral &nbsp; &nbsp; Un avi\u00f3n hidrante que combat\u00eda los incendios en la localidad de Ituzaing\u00f3, en la provincia de Corrientes, sufri\u00f3 un desperfecto el\u00e9ctrico y se incendi\u00f3 cuando era reabastecido de combustible, se inform\u00f3 oficialmente. El Ministerio de la Producci\u00f3n de Corrientes precis\u00f3 que el piloto no estaba a bordo de la aeronave al momento del siniestro, por lo que \u00abs\u00f3lo hubo&#8230;<\/p>\n","protected":false},"author":3,"featured_media":82437,"comment_status":"closed","ping_status":"closed","sticky":false,"template":"","format":"standard","meta":[],"categories":[2],"tags":[],"_links":{"self":[{"href":"https:\/\/www.actualidadadiario.com\/index.php\/wp-json\/wp\/v2\/posts\/82436"}],"collection":[{"href":"https:\/\/www.actualidadadiario.com\/index.php\/wp-json\/wp\/v2\/posts"}],"about":[{"href":"https:\/\/www.actualidadadiario.com\/index.php\/wp-json\/wp\/v2\/types\/post"}],"author":[{"embeddable":true,"href":"https:\/\/www.actualidadadiario.com\/index.php\/wp-json\/wp\/v2\/users\/3"}],"replies":[{"embeddable":true,"href":"https:\/\/www.actualidadadiario.com\/index.php\/wp-json\/wp\/v2\/comments?post=82436"}],"version-history":[{"count":1,"href":"https:\/\/www.actualidadadiario.com\/index.php\/wp-json\/wp\/v2\/posts\/82436\/revisions"}],"predecessor-version":[{"id":82438,"href":"https:\/\/www.actualidadadiario.com\/index.php\/wp-json\/wp\/v2\/posts\/82436\/revisions\/82438"}],"wp:featuredmedia":[{"embeddable":true,"href":"https:\/\/www.actualidadadiario.com\/index.php\/wp-json\/wp\/v2\/media\/82437"}],"wp:attachment":[{"href":"https:\/\/www.actualidadadiario.com\/index.php\/wp-json\/wp\/v2\/media?parent=82436"}],"wp:term":[{"taxonomy":"category","embeddable":true,"href":"https:\/\/www.actualidadadiario.com\/index.php\/wp-json\/wp\/v2\/categories?post=82436"},{"taxonomy":"post_tag","embeddable":true,"href":"https:\/\/www.actualidadadiario.com\/index.php\/wp-json\/wp\/v2\/tags?post=82436"}],"curies":[{"name":"wp","href":"https:\/\/api.w.org\/{rel}","templated":true}]}}