{"id":82434,"date":"2022-02-15T13:26:19","date_gmt":"2022-02-15T16:26:19","guid":{"rendered":"https:\/\/www.actualidadadiario.com\/?p=82434"},"modified":"2022-02-15T13:26:19","modified_gmt":"2022-02-15T16:26:19","slug":"el-indec-anunciara-el-indice-de-precios-de-enero","status":"publish","type":"post","link":"https:\/\/www.actualidadadiario.com\/index.php\/2022\/02\/15\/el-indec-anunciara-el-indice-de-precios-de-enero\/","title":{"rendered":"El Indec anunciar\u00e1 el \u00edndice de precios de enero"},"content":{"rendered":"<p style=\"text-align: center;\"><em><strong>El organismo difundir\u00e1 durante la semana las estad\u00edsticas del \u00cdndice del Costo de la Construcci\u00f3n y el Sistema de \u00edndices de precios mayoristas y de la canasta b\u00e1sica alimentaria<\/strong><\/em><\/p>\n<p>&nbsp;<\/p>\n<p>&nbsp;<\/p>\n<p>El Instituto Nacional de Estad\u00edstica y Censos (Indec) dar\u00e1 a conocer este martes por la tarde el \u00cdndice de Precios al Consumidor (IPC) nacional correspondiente a enero, con la perspectiva de que se mantenga en niveles similares al mismo mes de 2021.<\/p>\n<p>El dato del Indec marca la apertura de la serie estad\u00edstica que se completar\u00e1 esta misma semana con el \u00cdndice del Costo de la Construcci\u00f3n (ICC) y el Sistema de \u00edndices de precios mayoristas, ambos de enero, y que se complementa con las canastas b\u00e1sicas alimentaria (CBA) y total (CBT).<\/p>\n<p>Enero del a\u00f1o pasado alcanz\u00f3 un \u00edndice de 4% mientras que diciembre cerr\u00f3 con una inflaci\u00f3n de 3,8%, con un acumulado del a\u00f1o de 50,9%.<\/p>\n","protected":false},"excerpt":{"rendered":"<p>El organismo difundir\u00e1 durante la semana las estad\u00edsticas del \u00cdndice del Costo de la Construcci\u00f3n y el Sistema de \u00edndices de precios mayoristas y de la canasta b\u00e1sica alimentaria &nbsp; &nbsp; El Instituto Nacional de Estad\u00edstica y Censos (Indec) dar\u00e1 a conocer este martes por la tarde el \u00cdndice de Precios al Consumidor (IPC) nacional correspondiente a enero, con la perspectiva de que se mantenga en niveles similares al mismo mes de 2021. El dato del Indec marca la apertura de la serie estad\u00edstica que se completar\u00e1 esta misma semana&#8230;<\/p>\n","protected":false},"author":3,"featured_media":10912,"comment_status":"closed","ping_status":"closed","sticky":false,"template":"","format":"standard","meta":[],"categories":[2],"tags":[],"_links":{"self":[{"href":"https:\/\/www.actualidadadiario.com\/index.php\/wp-json\/wp\/v2\/posts\/82434"}],"collection":[{"href":"https:\/\/www.actualidadadiario.com\/index.php\/wp-json\/wp\/v2\/posts"}],"about":[{"href":"https:\/\/www.actualidadadiario.com\/index.php\/wp-json\/wp\/v2\/types\/post"}],"author":[{"embeddable":true,"href":"https:\/\/www.actualidadadiario.com\/index.php\/wp-json\/wp\/v2\/users\/3"}],"replies":[{"embeddable":true,"href":"https:\/\/www.actualidadadiario.com\/index.php\/wp-json\/wp\/v2\/comments?post=82434"}],"version-history":[{"count":1,"href":"https:\/\/www.actualidadadiario.com\/index.php\/wp-json\/wp\/v2\/posts\/82434\/revisions"}],"predecessor-version":[{"id":82435,"href":"https:\/\/www.actualidadadiario.com\/index.php\/wp-json\/wp\/v2\/posts\/82434\/revisions\/82435"}],"wp:featuredmedia":[{"embeddable":true,"href":"https:\/\/www.actualidadadiario.com\/index.php\/wp-json\/wp\/v2\/media\/10912"}],"wp:attachment":[{"href":"https:\/\/www.actualidadadiario.com\/index.php\/wp-json\/wp\/v2\/media?parent=82434"}],"wp:term":[{"taxonomy":"category","embeddable":true,"href":"https:\/\/www.actualidadadiario.com\/index.php\/wp-json\/wp\/v2\/categories?post=82434"},{"taxonomy":"post_tag","embeddable":true,"href":"https:\/\/www.actualidadadiario.com\/index.php\/wp-json\/wp\/v2\/tags?post=82434"}],"curies":[{"name":"wp","href":"https:\/\/api.w.org\/{rel}","templated":true}]}}