{"id":8243,"date":"2017-03-10T10:33:29","date_gmt":"2017-03-10T13:33:29","guid":{"rendered":"http:\/\/actualidadadiario.com\/site\/?p=8243"},"modified":"2017-03-10T10:33:29","modified_gmt":"2017-03-10T13:33:29","slug":"no-esta-previsto-un-aumento-diferenciado-para-los-funcionarios","status":"publish","type":"post","link":"https:\/\/www.actualidadadiario.com\/index.php\/2017\/03\/10\/no-esta-previsto-un-aumento-diferenciado-para-los-funcionarios\/","title":{"rendered":"&#8220;No est\u00e1 previsto un aumento diferenciado para los funcionarios&#8221;"},"content":{"rendered":"<p><em><strong>El Secretario Luis Erbes sali\u00f3 al cruce de una nota period\u00edstica, a la que calific\u00f3 de &#8220;maliciosa&#8221;. &#8220;Es totalmente falso que los funcionarios y el Gobernador vayan a cobrar aumentos diferenciados&#8221;, dijo<\/strong><\/em><\/p>\n<p>&nbsp;<\/p>\n<p>&nbsp;<\/p>\n<p>&nbsp;<\/p>\n<p>&nbsp;<\/p>\n<p>&nbsp;<\/p>\n<p>El Ministerio de Econom\u00eda y Hacienda de Entre R\u00edos aclar\u00f3 que &#8220;no est\u00e1 previsto en el Presupuesto 2017 un aumento diferenciado a los funcionarios provinciales&#8221;. La desmentida surgi\u00f3 luego de una publicaci\u00f3n en la p\u00e1gina digital del diario &#8220;El Entre R\u00edos&#8221; en su versi\u00f3n regional, d\u00f3nde, seg\u00fan el gobierno entrerriano, se elabora una hip\u00f3tesis falsa sobre lo pautado en el Presupuesto 2017.<\/p>\n<p>&nbsp;<\/p>\n<p>Desde la secretaria de Presupuesto y Finanzas, a cargo de Luis Erbes, desmintieron la informaci\u00f3n vertida por el periodista Adri\u00e1n Pino desde Concepci\u00f3n del Uruguay, quien sostuvo que &#8220;los funcionarios entrerrianos recibir\u00e1n un aumento del 35 por ciento&#8221;, de acuerdo al Presupuesto 2017.<\/p>\n<p>&nbsp;<\/p>\n<p>Erbes expres\u00f3 que &#8220;en los presupuestos de los \u00faltimos a\u00f1os nunca se incluy\u00f3 una pauta de aumento salarial, en tanto que existe un compromiso en la Ley que en caso de producirse mayores ingresos a los presupuestados se aplicar\u00e1n prioritariamente a la recomposici\u00f3n de salarios&#8221;, entre otros. El funcionario agreg\u00f3 que &#8220;las planillas adjuntas de sueldos en los Presupuestos es informaci\u00f3n complementaria, y muestra qu\u00e9 remuneraciones se tuvieron en cuenta para el c\u00e1lculo del costo en Personal, por lo tanto lo que all\u00ed se refleja es lo percibido al final de cada a\u00f1o, en este caso al 31 de diciembre de 2.016&#8221;.<\/p>\n<p>&nbsp;<\/p>\n<p>&#8220;En la Ley de Presupuesto 2017 los valores de las remuneraciones de funcionarios y de empleados de los distintos escalafones, reflejan lo que se est\u00e1 liquidando al momento de la elaboraci\u00f3n del presupuesto, por lo tanto no incluyen ning\u00fan tipo de incremento, tanto para los empleados como para el funcionariado&#8221; expres\u00f3 Erbes.<\/p>\n<p>&nbsp;<\/p>\n<p>Como ejemplo se dio a conocer lo percibido por el Gobernador de Entre R\u00edos, cuya variaci\u00f3n fue en la misma proporci\u00f3n que para el escalaf\u00f3n general.<\/p>\n<p>&nbsp;<\/p>\n<p>&nbsp;<\/p>\n<p>&nbsp;<\/p>\n<p><strong>Remuneraci\u00f3n Gobernador<\/strong><\/p>\n<p>Presupuesto 2016 (sueldos percibidos 31\/12\/2015): $49.353,64<\/p>\n<p>Presupuesto 2017 (sueldos percibidos 31\/12\/2016): $66.972,89<\/p>\n<p>Tambi\u00e9n se inform\u00f3 que los incrementos salariales 2016 fueron aplicados por los decretos N\u00b0 547\/16: 18% a partir del 1\u00b0 de Febrero y N\u00b0 2.549\/16: 12% a partir del 1\u00b0 de Julio sobre salarios de Junio, y un 3% a partir del 1\u00b0 de Octubre sobre sueldos de Junio para el Escalaf\u00f3n General. En tanto que para los funcionarios los decretos fueron el N\u00b0 552\/16: 18% a partir del 1\u00b0 de Febrero y el N\u00b0 2.554\/16: 12% a partir del 1\u00b0 de Julio sobre salarios de Junio, y un 3% a partir del 1\u00b0 de Octubre sobre sueldos de Junio, lo que refleja la proporcionalidad de los aumentos recibidos.<\/p>\n<p>&nbsp;<\/p>\n<p>Por \u00faltimo el Secretario de Presupuesto y Finanzas se\u00f1al\u00f3 que &#8220;es totalmente falso que los funcionarios, incluido el Gobernador, vayan a cobrar aumentos diferenciados durante este a\u00f1o; esa conclusi\u00f3n es tendenciosa y maliciosa ya que los sueldos del a\u00f1o 2017 surgir\u00e1n de la negociaci\u00f3n paritaria convocada por el Gobierno Provincial que contin\u00faa abierta; por lo que el art\u00edculo period\u00edstico parte de un grosero error al no comprender la naturaleza de la formulaci\u00f3n presupuestaria&#8221;, finaliz\u00f3.<\/p>\n","protected":false},"excerpt":{"rendered":"<p>El Secretario Luis Erbes sali\u00f3 al cruce de una nota period\u00edstica, a la que calific\u00f3 de &#8220;maliciosa&#8221;. &#8220;Es totalmente falso que los funcionarios y el Gobernador vayan a cobrar aumentos diferenciados&#8221;, dijo &nbsp; &nbsp; &nbsp; &nbsp; &nbsp; El Ministerio de Econom\u00eda y Hacienda de Entre R\u00edos aclar\u00f3 que &#8220;no est\u00e1 previsto en el Presupuesto 2017 un aumento diferenciado a los funcionarios provinciales&#8221;. La desmentida surgi\u00f3 luego de una publicaci\u00f3n en la p\u00e1gina digital del diario &#8220;El Entre R\u00edos&#8221; en su versi\u00f3n regional, d\u00f3nde, seg\u00fan el gobierno entrerriano, se elabora una&#8230;<\/p>\n","protected":false},"author":3,"featured_media":8244,"comment_status":"closed","ping_status":"closed","sticky":false,"template":"","format":"standard","meta":[],"categories":[9,15],"tags":[],"_links":{"self":[{"href":"https:\/\/www.actualidadadiario.com\/index.php\/wp-json\/wp\/v2\/posts\/8243"}],"collection":[{"href":"https:\/\/www.actualidadadiario.com\/index.php\/wp-json\/wp\/v2\/posts"}],"about":[{"href":"https:\/\/www.actualidadadiario.com\/index.php\/wp-json\/wp\/v2\/types\/post"}],"author":[{"embeddable":true,"href":"https:\/\/www.actualidadadiario.com\/index.php\/wp-json\/wp\/v2\/users\/3"}],"replies":[{"embeddable":true,"href":"https:\/\/www.actualidadadiario.com\/index.php\/wp-json\/wp\/v2\/comments?post=8243"}],"version-history":[{"count":1,"href":"https:\/\/www.actualidadadiario.com\/index.php\/wp-json\/wp\/v2\/posts\/8243\/revisions"}],"predecessor-version":[{"id":8245,"href":"https:\/\/www.actualidadadiario.com\/index.php\/wp-json\/wp\/v2\/posts\/8243\/revisions\/8245"}],"wp:featuredmedia":[{"embeddable":true,"href":"https:\/\/www.actualidadadiario.com\/index.php\/wp-json\/wp\/v2\/media\/8244"}],"wp:attachment":[{"href":"https:\/\/www.actualidadadiario.com\/index.php\/wp-json\/wp\/v2\/media?parent=8243"}],"wp:term":[{"taxonomy":"category","embeddable":true,"href":"https:\/\/www.actualidadadiario.com\/index.php\/wp-json\/wp\/v2\/categories?post=8243"},{"taxonomy":"post_tag","embeddable":true,"href":"https:\/\/www.actualidadadiario.com\/index.php\/wp-json\/wp\/v2\/tags?post=8243"}],"curies":[{"name":"wp","href":"https:\/\/api.w.org\/{rel}","templated":true}]}}