{"id":82429,"date":"2022-02-15T13:20:56","date_gmt":"2022-02-15T16:20:56","guid":{"rendered":"https:\/\/www.actualidadadiario.com\/?p=82429"},"modified":"2022-02-15T13:20:56","modified_gmt":"2022-02-15T16:20:56","slug":"covid-19-los-contagios-siguen-a-la-baja-pero-se-mantiene-el-numero-de-muertes","status":"publish","type":"post","link":"https:\/\/www.actualidadadiario.com\/index.php\/2022\/02\/15\/covid-19-los-contagios-siguen-a-la-baja-pero-se-mantiene-el-numero-de-muertes\/","title":{"rendered":"Covid-19: los contagios siguen a la baja, pero se mantiene el n\u00famero de muertes"},"content":{"rendered":"<p style=\"text-align: center;\"><em><strong>Ayer se reportaron 13.050 contagios diarios, pero la semana pasada el n\u00famero llegaba a los 25.406. La cifra de decesos se mantiene por encima de los 200<\/strong><\/em><\/p>\n<p>&nbsp;<\/p>\n<p>&nbsp;<\/p>\n<p>El Ministerio de Salud de la Naci\u00f3n report\u00f3 ayer 13.050 contagios de coronavirus, un poco m\u00e1s de la mitad de los que se hab\u00edan informado el lunes anterior, mientras que se consignaron 268 fallecidos por la pandemia en las \u00faltimas 24 horas, una cifra algo superior a la de la misma fecha.<\/p>\n<p>El lunes 7 de febrero se hab\u00edan informado 25.406 contagios y 259 muertes por coronavirus.<\/p>\n<p>Con los n\u00fameros de esta jornada, ascienden a 8.747.601 la cantidad de personas que contrajeron el virus en la Argentina desde el inicio del brote, en marzo de 2020, y los decesos por la enfermedad suman 124.349.<\/p>\n<p>De acuerdo con la sala de situaci\u00f3n de la cartera sanitaria, por el momento se recuperaron 8.46.793 personas que hab\u00edan contra\u00eddo Covid-19, en tanto que otras 161.459 se encuentran con la enfermedad en curso.<\/p>\n<p>En tanto, 2.001 pacientes con coronavirus est\u00e1n internados en terapia intensiva y la ocupaci\u00f3n de camas del servicio para adultos y para toda patolog\u00eda en centros de salud p\u00fablicos y privados es del 44,9% a nivel nacional y de 42,5% en el \u00c1rea Metropolitana de Buenos Aires.<\/p>\n","protected":false},"excerpt":{"rendered":"<p>Ayer se reportaron 13.050 contagios diarios, pero la semana pasada el n\u00famero llegaba a los 25.406. La cifra de decesos se mantiene por encima de los 200 &nbsp; &nbsp; El Ministerio de Salud de la Naci\u00f3n report\u00f3 ayer 13.050 contagios de coronavirus, un poco m\u00e1s de la mitad de los que se hab\u00edan informado el lunes anterior, mientras que se consignaron 268 fallecidos por la pandemia en las \u00faltimas 24 horas, una cifra algo superior a la de la misma fecha. El lunes 7 de febrero se hab\u00edan informado 25.406&#8230;<\/p>\n","protected":false},"author":3,"featured_media":74201,"comment_status":"closed","ping_status":"closed","sticky":false,"template":"","format":"standard","meta":[],"categories":[9],"tags":[],"_links":{"self":[{"href":"https:\/\/www.actualidadadiario.com\/index.php\/wp-json\/wp\/v2\/posts\/82429"}],"collection":[{"href":"https:\/\/www.actualidadadiario.com\/index.php\/wp-json\/wp\/v2\/posts"}],"about":[{"href":"https:\/\/www.actualidadadiario.com\/index.php\/wp-json\/wp\/v2\/types\/post"}],"author":[{"embeddable":true,"href":"https:\/\/www.actualidadadiario.com\/index.php\/wp-json\/wp\/v2\/users\/3"}],"replies":[{"embeddable":true,"href":"https:\/\/www.actualidadadiario.com\/index.php\/wp-json\/wp\/v2\/comments?post=82429"}],"version-history":[{"count":1,"href":"https:\/\/www.actualidadadiario.com\/index.php\/wp-json\/wp\/v2\/posts\/82429\/revisions"}],"predecessor-version":[{"id":82430,"href":"https:\/\/www.actualidadadiario.com\/index.php\/wp-json\/wp\/v2\/posts\/82429\/revisions\/82430"}],"wp:featuredmedia":[{"embeddable":true,"href":"https:\/\/www.actualidadadiario.com\/index.php\/wp-json\/wp\/v2\/media\/74201"}],"wp:attachment":[{"href":"https:\/\/www.actualidadadiario.com\/index.php\/wp-json\/wp\/v2\/media?parent=82429"}],"wp:term":[{"taxonomy":"category","embeddable":true,"href":"https:\/\/www.actualidadadiario.com\/index.php\/wp-json\/wp\/v2\/categories?post=82429"},{"taxonomy":"post_tag","embeddable":true,"href":"https:\/\/www.actualidadadiario.com\/index.php\/wp-json\/wp\/v2\/tags?post=82429"}],"curies":[{"name":"wp","href":"https:\/\/api.w.org\/{rel}","templated":true}]}}