{"id":82423,"date":"2022-02-14T14:05:33","date_gmt":"2022-02-14T17:05:33","guid":{"rendered":"https:\/\/www.actualidadadiario.com\/?p=82423"},"modified":"2022-02-14T14:05:33","modified_gmt":"2022-02-14T17:05:33","slug":"brasil-tuvo-este-ano-el-enero-mas-letal-de-su-historia","status":"publish","type":"post","link":"https:\/\/www.actualidadadiario.com\/index.php\/2022\/02\/14\/brasil-tuvo-este-ano-el-enero-mas-letal-de-su-historia\/","title":{"rendered":"Brasil tuvo este a\u00f1o el enero m\u00e1s letal de su historia"},"content":{"rendered":"<p style=\"text-align: center;\"><em><strong>Las 144.341 muertes que se registraron en enero de este a\u00f1o, con la ola de la variante \u00f3micron del coronavirus, fue 4,79% superior al primer mes de 2021 y 21,9% comparado con el mismo per\u00edodo de 2019, cuando no hab\u00eda pandemia en Brasil<\/strong><\/em><\/p>\n<p>&nbsp;<\/p>\n<p>&nbsp;<\/p>\n<p>Brasil tuvo este a\u00f1o el enero m\u00e1s mortal de su historia, con 144.341 muertes, la mayor parte v\u00edctimas de Covid-19 y otras enfermedades respiratorias que pueden estar vinculadas al coronavirus, seg\u00fan la estad\u00edstica de la central de registros civiles divulgada hoy por el diario Folha de Sao Paulo.<\/p>\n<p>La cantidad de muertes en enero de este a\u00f1o, con la ola de la variante \u00f3micron del coronavirus, fue 4,79% superior al primer mes de 2021 y 21,9% comparado con el mismo per\u00edodo de 2019, cuando no hab\u00eda pandemia en Brasil.<\/p>\n<p>En enero de 2021 el pa\u00eds se encontraba en una curva descendente de contagios.<\/p>\n<p>De acuerdo con los registros, el 10% de los fallecidos (14.538) fueron identificados como v\u00edctimas de Covid-19.<\/p>\n<p>Las muertes por neumon\u00eda saltaron de 12.745 en enero de 2021 a 21.661 este a\u00f1o.<\/p>\n<p>En tanto, las v\u00edctimas de s\u00edndrome respiratorio agudo grave crecieron de 1.531 en enero del 21 a 1734 del primer mes del 22, de acuerdo al Portal de la Transparencia de los registros civiles.<\/p>\n<p>Brasil tuvo durante enero un per\u00edodo de escasez de test para coronavirus, en medio de la ola de transmisi\u00f3n de la variante \u00f3micron, raz\u00f3n por la cual no pudieron haberse registrado casos de neumon\u00eda causada por la Covid-19.<\/p>\n<p>Durante enero se registraron m\u00e1s de 4 millones de contagios de Covid-19, m\u00e1s que en todo el segundo semestre de 2021, cuando comenz\u00f3 la curva descendente de la letalidad y transmisi\u00f3n de la variante gamma, disminuida por la vacunaci\u00f3n masiva.<\/p>\n<p>Hasta este domingo Brasil ten\u00eda 27.479.963 casos confirmados y 638.362 decesos desde el inicio de la pandemia, inform\u00f3 el Ministerio de Salud.<\/p>\n<p>Al menos ocho estados y la capital federal, Brasilia, se encuentran con ocupaci\u00f3n hospitalaria de camas de terapia intensiva para coronavirus superior al 80 por ciento, seg\u00fan el laboratorio oficial Fiocruz.<\/p>\n<p>Brasil tiene un promedio m\u00f3vil de contagios diarios de 135.279, mientras que el de muertes est\u00e1 en 881, el mayor nivel desde agosto de 2021.<\/p>\n<p>En el pa\u00eds fueron inmunizadas con dos dosis de la vacuna un total de 152,4 millones de personas, lo que representa el 70,9 por ciento de la poblaci\u00f3n.<\/p>\n<p>Con la dosis de refuerzo o tercera dosis hay 55,9 millones, el 26 por ciento de la poblaci\u00f3n.<\/p>\n<p>El mes m\u00e1s letal de la pandemia en Brasil fue abril de 2021, con 82.266 muertes, en medio del colapso hospitalario provocado por la variante gamma, surgida en la ciudad de Manaos, estado de Amazonas, en noviembre de 2020.<\/p>\n","protected":false},"excerpt":{"rendered":"<p>Las 144.341 muertes que se registraron en enero de este a\u00f1o, con la ola de la variante \u00f3micron del coronavirus, fue 4,79% superior al primer mes de 2021 y 21,9% comparado con el mismo per\u00edodo de 2019, cuando no hab\u00eda pandemia en Brasil &nbsp; &nbsp; Brasil tuvo este a\u00f1o el enero m\u00e1s mortal de su historia, con 144.341 muertes, la mayor parte v\u00edctimas de Covid-19 y otras enfermedades respiratorias que pueden estar vinculadas al coronavirus, seg\u00fan la estad\u00edstica de la central de registros civiles divulgada hoy por el diario Folha&#8230;<\/p>\n","protected":false},"author":3,"featured_media":82424,"comment_status":"closed","ping_status":"closed","sticky":false,"template":"","format":"standard","meta":[],"categories":[4],"tags":[],"_links":{"self":[{"href":"https:\/\/www.actualidadadiario.com\/index.php\/wp-json\/wp\/v2\/posts\/82423"}],"collection":[{"href":"https:\/\/www.actualidadadiario.com\/index.php\/wp-json\/wp\/v2\/posts"}],"about":[{"href":"https:\/\/www.actualidadadiario.com\/index.php\/wp-json\/wp\/v2\/types\/post"}],"author":[{"embeddable":true,"href":"https:\/\/www.actualidadadiario.com\/index.php\/wp-json\/wp\/v2\/users\/3"}],"replies":[{"embeddable":true,"href":"https:\/\/www.actualidadadiario.com\/index.php\/wp-json\/wp\/v2\/comments?post=82423"}],"version-history":[{"count":1,"href":"https:\/\/www.actualidadadiario.com\/index.php\/wp-json\/wp\/v2\/posts\/82423\/revisions"}],"predecessor-version":[{"id":82425,"href":"https:\/\/www.actualidadadiario.com\/index.php\/wp-json\/wp\/v2\/posts\/82423\/revisions\/82425"}],"wp:featuredmedia":[{"embeddable":true,"href":"https:\/\/www.actualidadadiario.com\/index.php\/wp-json\/wp\/v2\/media\/82424"}],"wp:attachment":[{"href":"https:\/\/www.actualidadadiario.com\/index.php\/wp-json\/wp\/v2\/media?parent=82423"}],"wp:term":[{"taxonomy":"category","embeddable":true,"href":"https:\/\/www.actualidadadiario.com\/index.php\/wp-json\/wp\/v2\/categories?post=82423"},{"taxonomy":"post_tag","embeddable":true,"href":"https:\/\/www.actualidadadiario.com\/index.php\/wp-json\/wp\/v2\/tags?post=82423"}],"curies":[{"name":"wp","href":"https:\/\/api.w.org\/{rel}","templated":true}]}}