{"id":82420,"date":"2022-02-14T14:04:55","date_gmt":"2022-02-14T17:04:55","guid":{"rendered":"https:\/\/www.actualidadadiario.com\/?p=82420"},"modified":"2022-02-14T14:04:55","modified_gmt":"2022-02-14T17:04:55","slug":"alemania-retira-gradualmente-restricciones-anticovid","status":"publish","type":"post","link":"https:\/\/www.actualidadadiario.com\/index.php\/2022\/02\/14\/alemania-retira-gradualmente-restricciones-anticovid\/","title":{"rendered":"Alemania retira gradualmente restricciones anticovid"},"content":{"rendered":"<p style=\"text-align: center;\"><em><strong>El gobierno alem\u00e1n eval\u00faa levantar gradualmente las restricciones para detener la propagaci\u00f3n del coronavirus, con la meta puesta en el 20 de marzo, en l\u00ednea con varios pa\u00edses de la regi\u00f3n que decidieron medidas en la misma direcci\u00f3n, informaron medios locales<\/strong><\/em><\/p>\n<p>&nbsp;<\/p>\n<p>&nbsp;<\/p>\n<p>&#8220;Para (&#8230;) el 20 de marzo de 2022, se deber\u00edan levantar gradualmente las restricciones de gran alcance en la vida social, cultural y econ\u00f3mica&#8221;, se\u00f1ala un documento citado por el portal BILD que, seg\u00fan ese medio, se examinar\u00e1 el mi\u00e9rcoles en una reuni\u00f3n del canciller de la Rep\u00fablica Federal de Alemania, Olaf Scholz, con representantes regionales.<\/p>\n<p>El documento indica que el sector privado ser\u00e1 el primero en levantar las restricciones, y al mismo tiempo se permitir\u00e1n las reuniones sociales hasta 20 personas (en la actualidad el m\u00e1ximo son 10).<\/p>\n<p>A partir del 4 de marzo se levantar\u00e1n las restricciones al funcionamiento de restaurantes y hoteles, y se reabrir\u00e1n los clubes y discotecas.<\/p>\n<p>Tambi\u00e9n se retirar\u00e1n las restricciones a la cantidad de espectadores en los grandes eventos, incluidos los partidos de f\u00fatbol.<\/p>\n<p>No obstante, el uso de barbijos en el transporte p\u00fablico seguir\u00e1 siendo obligatorio, precisa la nota.<\/p>\n<p>&nbsp;<\/p>\n<p><strong>Tendencia<\/strong><\/p>\n<p>La medida se encuadra en una tendencia manifestada desde la semana pasada en varios pa\u00edses europeos, entre ellos Francia, que anunci\u00f3 que a fin de mes sus ciudadanos ya no estar\u00e1n obligados a llevar barbijos en bares y restaurantes, as\u00ed como en otros espacios cerrados que requieren el pasaporte sanitario.<\/p>\n<p>En la misma l\u00ednea, el Gobierno italiano inici\u00f3 una flexibilizaci\u00f3n gradual de las medidas contra el coronavirus, lo que incluye la eliminaci\u00f3n de la obligaci\u00f3n del uso de barbijo al aire libre en todo el pa\u00eds.<\/p>\n<p>El Reino Unido anunci\u00f3 tambi\u00e9n su intenci\u00f3n de poner fin a todas las restricciones desde fines de febrero, mientras Suecia elimin\u00f3 la mayor\u00eda de las medidas vigentes por la pandemia y detuvo las pruebas a gran escala debido al alto porcentaje de poblaci\u00f3n vacunada y el menor impacto de la variante \u00d3micron.<\/p>\n","protected":false},"excerpt":{"rendered":"<p>El gobierno alem\u00e1n eval\u00faa levantar gradualmente las restricciones para detener la propagaci\u00f3n del coronavirus, con la meta puesta en el 20 de marzo, en l\u00ednea con varios pa\u00edses de la regi\u00f3n que decidieron medidas en la misma direcci\u00f3n, informaron medios locales &nbsp; &nbsp; &#8220;Para (&#8230;) el 20 de marzo de 2022, se deber\u00edan levantar gradualmente las restricciones de gran alcance en la vida social, cultural y econ\u00f3mica&#8221;, se\u00f1ala un documento citado por el portal BILD que, seg\u00fan ese medio, se examinar\u00e1 el mi\u00e9rcoles en una reuni\u00f3n del canciller de la&#8230;<\/p>\n","protected":false},"author":3,"featured_media":82421,"comment_status":"closed","ping_status":"closed","sticky":false,"template":"","format":"standard","meta":[],"categories":[4],"tags":[],"_links":{"self":[{"href":"https:\/\/www.actualidadadiario.com\/index.php\/wp-json\/wp\/v2\/posts\/82420"}],"collection":[{"href":"https:\/\/www.actualidadadiario.com\/index.php\/wp-json\/wp\/v2\/posts"}],"about":[{"href":"https:\/\/www.actualidadadiario.com\/index.php\/wp-json\/wp\/v2\/types\/post"}],"author":[{"embeddable":true,"href":"https:\/\/www.actualidadadiario.com\/index.php\/wp-json\/wp\/v2\/users\/3"}],"replies":[{"embeddable":true,"href":"https:\/\/www.actualidadadiario.com\/index.php\/wp-json\/wp\/v2\/comments?post=82420"}],"version-history":[{"count":1,"href":"https:\/\/www.actualidadadiario.com\/index.php\/wp-json\/wp\/v2\/posts\/82420\/revisions"}],"predecessor-version":[{"id":82422,"href":"https:\/\/www.actualidadadiario.com\/index.php\/wp-json\/wp\/v2\/posts\/82420\/revisions\/82422"}],"wp:featuredmedia":[{"embeddable":true,"href":"https:\/\/www.actualidadadiario.com\/index.php\/wp-json\/wp\/v2\/media\/82421"}],"wp:attachment":[{"href":"https:\/\/www.actualidadadiario.com\/index.php\/wp-json\/wp\/v2\/media?parent=82420"}],"wp:term":[{"taxonomy":"category","embeddable":true,"href":"https:\/\/www.actualidadadiario.com\/index.php\/wp-json\/wp\/v2\/categories?post=82420"},{"taxonomy":"post_tag","embeddable":true,"href":"https:\/\/www.actualidadadiario.com\/index.php\/wp-json\/wp\/v2\/tags?post=82420"}],"curies":[{"name":"wp","href":"https:\/\/api.w.org\/{rel}","templated":true}]}}