{"id":82417,"date":"2022-02-14T14:03:44","date_gmt":"2022-02-14T17:03:44","guid":{"rendered":"https:\/\/www.actualidadadiario.com\/?p=82417"},"modified":"2022-02-14T14:03:44","modified_gmt":"2022-02-14T17:03:44","slug":"francisco-da-mas-poder-a-la-oficina-que-investiga-abusos-en-la-iglesia","status":"publish","type":"post","link":"https:\/\/www.actualidadadiario.com\/index.php\/2022\/02\/14\/francisco-da-mas-poder-a-la-oficina-que-investiga-abusos-en-la-iglesia\/","title":{"rendered":"Francisco da m\u00e1s poder a la oficina que investiga abusos en la Iglesia"},"content":{"rendered":"<p style=\"text-align: center;\"><em><strong>El Papa firm\u00f3 un decreto que jerarquiza a la secci\u00f3n destinada a estudiar las denuncias de pederastia<\/strong><\/em><\/p>\n<p>&nbsp;<\/p>\n<p>&nbsp;<\/p>\n<p>El papa Francisco jerarquiz\u00f3 dentro de la estructura vaticana a la oficina dedicada a estudiar las denuncias de abusos dentro de la Iglesia y dispuso, a trav\u00e9s de un decreto pontificio, fortalecer a la &#8220;Secci\u00f3n disciplinaria&#8221; en la Congregaci\u00f3n para la Doctrina de la Fe.<\/p>\n<p>A trav\u00e9s de la carta apost\u00f3lica &#8220;Fidem servare&#8221; (servir fielmente), Francisco modific\u00f3 la estructura del Dicasterio encargado de las cuestiones de moral, teolog\u00eda y lucha contra los abusos y reforz\u00f3 las competencias de la secci\u00f3n dedicada a la parte disciplinaria.<\/p>\n<p>La secci\u00f3n tendr\u00e1 a partir de ahora un secretario propio, de designaci\u00f3n pontificia, y funcionar\u00e1 de manera independiente del resto de la estructura de la Doctrina de la Fe para poder estudiar y juzgar las denuncias de pederast\u00eda por miembros de la Iglesia.<\/p>\n<p>Adem\u00e1s de la secci\u00f3n dedicada a la disciplina hoy reforzada, la Congregaci\u00f3n para la Doctrina de la Fe comprende una secci\u00f3n para la parte doctrinaria, que permanece dentro de la estructura, y una dedicada a las cuestiones &#8220;del v\u00ednculo matrimonial&#8221; que desaparece con el nuevo decreto.<\/p>\n<p>A partir de ahora, &#8220;la Secci\u00f3n Disciplinaria, a trav\u00e9s de la Oficina Disciplinaria, se ocupa de los delitos reservados a la Congregaci\u00f3n y tratados de \u00e9sta, a trav\u00e9s de la jurisdicci\u00f3n del Tribunal Supremo Apost\u00f3lico establecido all\u00ed&#8221;, estableci\u00f3 Jorge Bergoglio con el decreto pontificio dado a conocer hoy por el Vaticano.<\/p>\n<p>La secci\u00f3n hoy reforzada, tiene a partir de ahora &#8220;la funci\u00f3n de preparar y elaborar los procedimientos previstos por la legislaci\u00f3n can\u00f3nica para que la Congregaci\u00f3n, en sus diversas instancias (Prefecto, Secretario, Promotor de Justicia, Congreso, Sesi\u00f3n Ordinaria, Colegio para el conocimiento de los recursos en materia delitos graves), pueda promover una adecuada administraci\u00f3n de justicia&#8221;, agreg\u00f3 el Papa.<\/p>\n<p>Hasta el decreto de este lunes, la secci\u00f3n disciplinaria se ocupaba &#8220;de los delitos contra la fe, as\u00ed como de los delitos m\u00e1s graves cometidos contra la moral y en la celebraci\u00f3n de los sacramentos&#8221; as\u00ed como de &#8220;otros asuntos relacionados con la disciplina de la fe&#8221;.<\/p>\n<p>La iniciativa del papa Francisco, que en la pr\u00e1ctica supone la elevaci\u00f3n a una suerte de &#8220;subsecretar\u00eda&#8221; de la lucha contra los abusos dentro del denominado &#8220;ministerio doctrinal&#8221; del Vaticano, busca que se promuevan &#8220;las oportunas iniciativas de formaci\u00f3n que la Congregaci\u00f3n ofrece a los Ordinarios y a los juristas, para favorecer una correcta comprensi\u00f3n y aplicaci\u00f3n de las normas can\u00f3nicas relativas al propio \u00e1mbito de competencia&#8221;.<\/p>\n<p>La secci\u00f3n doctrinal, en tanto, tendr\u00e1 bajo su \u00f3rbita &#8220;las materias pertinentes con la promoci\u00f3n y protecci\u00f3n de la doctrina de la fe y la moral&#8221;.<\/p>\n<p>Adem\u00e1s, se ocupar\u00e1 de favorecer &#8220;los estudios destinados a aumentar la inteligencia y la transmisi\u00f3n de la fe en el servicio de la evangelizaci\u00f3n, para que su luz sea criterio para comprender el sentido de la existencia, especialmente ante los interrogantes que plantea el progreso de las ciencias y el desarrollo de la sociedad&#8221;.<\/p>\n","protected":false},"excerpt":{"rendered":"<p>El Papa firm\u00f3 un decreto que jerarquiza a la secci\u00f3n destinada a estudiar las denuncias de pederastia &nbsp; &nbsp; El papa Francisco jerarquiz\u00f3 dentro de la estructura vaticana a la oficina dedicada a estudiar las denuncias de abusos dentro de la Iglesia y dispuso, a trav\u00e9s de un decreto pontificio, fortalecer a la &#8220;Secci\u00f3n disciplinaria&#8221; en la Congregaci\u00f3n para la Doctrina de la Fe. A trav\u00e9s de la carta apost\u00f3lica &#8220;Fidem servare&#8221; (servir fielmente), Francisco modific\u00f3 la estructura del Dicasterio encargado de las cuestiones de moral, teolog\u00eda y lucha contra&#8230;<\/p>\n","protected":false},"author":3,"featured_media":82418,"comment_status":"closed","ping_status":"closed","sticky":false,"template":"","format":"standard","meta":[],"categories":[4],"tags":[],"_links":{"self":[{"href":"https:\/\/www.actualidadadiario.com\/index.php\/wp-json\/wp\/v2\/posts\/82417"}],"collection":[{"href":"https:\/\/www.actualidadadiario.com\/index.php\/wp-json\/wp\/v2\/posts"}],"about":[{"href":"https:\/\/www.actualidadadiario.com\/index.php\/wp-json\/wp\/v2\/types\/post"}],"author":[{"embeddable":true,"href":"https:\/\/www.actualidadadiario.com\/index.php\/wp-json\/wp\/v2\/users\/3"}],"replies":[{"embeddable":true,"href":"https:\/\/www.actualidadadiario.com\/index.php\/wp-json\/wp\/v2\/comments?post=82417"}],"version-history":[{"count":1,"href":"https:\/\/www.actualidadadiario.com\/index.php\/wp-json\/wp\/v2\/posts\/82417\/revisions"}],"predecessor-version":[{"id":82419,"href":"https:\/\/www.actualidadadiario.com\/index.php\/wp-json\/wp\/v2\/posts\/82417\/revisions\/82419"}],"wp:featuredmedia":[{"embeddable":true,"href":"https:\/\/www.actualidadadiario.com\/index.php\/wp-json\/wp\/v2\/media\/82418"}],"wp:attachment":[{"href":"https:\/\/www.actualidadadiario.com\/index.php\/wp-json\/wp\/v2\/media?parent=82417"}],"wp:term":[{"taxonomy":"category","embeddable":true,"href":"https:\/\/www.actualidadadiario.com\/index.php\/wp-json\/wp\/v2\/categories?post=82417"},{"taxonomy":"post_tag","embeddable":true,"href":"https:\/\/www.actualidadadiario.com\/index.php\/wp-json\/wp\/v2\/tags?post=82417"}],"curies":[{"name":"wp","href":"https:\/\/api.w.org\/{rel}","templated":true}]}}