{"id":82406,"date":"2022-02-14T13:14:59","date_gmt":"2022-02-14T16:14:59","guid":{"rendered":"https:\/\/www.actualidadadiario.com\/?p=82406"},"modified":"2022-02-14T13:14:59","modified_gmt":"2022-02-14T16:14:59","slug":"diputados-juntos-por-el-cambio-define-este-lunes-las-nuevas-autoridades-del-interbloque","status":"publish","type":"post","link":"https:\/\/www.actualidadadiario.com\/index.php\/2022\/02\/14\/diputados-juntos-por-el-cambio-define-este-lunes-las-nuevas-autoridades-del-interbloque\/","title":{"rendered":"Diputados: Juntos por el Cambio define este lunes las nuevas autoridades del interbloque"},"content":{"rendered":"<p style=\"text-align: center;\"><em><strong>De cara al inicio de un nuevo per\u00edodo de sesiones ordinarias de la C\u00e1mara de Diputados, desde el interbloque Juntos por el Cambio confirmaron que este lunes mantendr\u00e1n una reuni\u00f3n a fin de definir qui\u00e9nes ser\u00e1n sus autoridades. Durante este 143\u00ba Per\u00edodo Legislativo la presidencia le corresponde a un miembro del bloque de la Uni\u00f3n C\u00edvica Radical<\/strong><\/em><\/p>\n<p>&nbsp;<\/p>\n<p>&nbsp;<\/p>\n<p>Tal como lo establecen el art\u00edculo 99\u00b0 de la Constituci\u00f3n Provincial y el art\u00edculo 1\u00b0 del Reglamento de la C\u00e1mara de Diputados de Entre R\u00edos, este martes 15 de febrero a las 11 horas se llevar\u00e1 a cabo la Sesi\u00f3n Preparatoria a la inauguraci\u00f3n del 143\u00ba Per\u00edodo Legislativo.<\/p>\n<p>En tanto, desde las 19, el gobernador Gustavo Bordet dirigir\u00e1 su mensaje ante la Asamblea Legislativa en el Centro Provincial de Convenciones de Paran\u00e1.<\/p>\n<p>En la previa, los diputados que conforman el interbloque Juntos por el Cambio (UCR, PRO y Movimiento Social Entrerriano) definir\u00e1n qui\u00e9nes ser\u00e1n sus nuevas autoridades.<\/p>\n<p>Seg\u00fan confirmaron, este 2022 la presidencia del interbloque le corresponde a un miembro de la Uni\u00f3n C\u00edvica Radical (Uriel Brupbacher; Gustavo Cusinatto, Sara Foletto; Gracia Jaroslavsky; Juli\u00e1n Maneiro; Eduardo Solari y Luc\u00eda Varisco).<\/p>\n<p>Vale recordar que durante el 142\u00ba Per\u00edodo Legislativo el presidente del Interbloque fue el diputado del bloque PRO, Esteban Vitor.<\/p>\n","protected":false},"excerpt":{"rendered":"<p>De cara al inicio de un nuevo per\u00edodo de sesiones ordinarias de la C\u00e1mara de Diputados, desde el interbloque Juntos por el Cambio confirmaron que este lunes mantendr\u00e1n una reuni\u00f3n a fin de definir qui\u00e9nes ser\u00e1n sus autoridades. Durante este 143\u00ba Per\u00edodo Legislativo la presidencia le corresponde a un miembro del bloque de la Uni\u00f3n C\u00edvica Radical &nbsp; &nbsp; Tal como lo establecen el art\u00edculo 99\u00b0 de la Constituci\u00f3n Provincial y el art\u00edculo 1\u00b0 del Reglamento de la C\u00e1mara de Diputados de Entre R\u00edos, este martes 15 de febrero a&#8230;<\/p>\n","protected":false},"author":3,"featured_media":82407,"comment_status":"closed","ping_status":"closed","sticky":false,"template":"","format":"standard","meta":[],"categories":[15],"tags":[],"_links":{"self":[{"href":"https:\/\/www.actualidadadiario.com\/index.php\/wp-json\/wp\/v2\/posts\/82406"}],"collection":[{"href":"https:\/\/www.actualidadadiario.com\/index.php\/wp-json\/wp\/v2\/posts"}],"about":[{"href":"https:\/\/www.actualidadadiario.com\/index.php\/wp-json\/wp\/v2\/types\/post"}],"author":[{"embeddable":true,"href":"https:\/\/www.actualidadadiario.com\/index.php\/wp-json\/wp\/v2\/users\/3"}],"replies":[{"embeddable":true,"href":"https:\/\/www.actualidadadiario.com\/index.php\/wp-json\/wp\/v2\/comments?post=82406"}],"version-history":[{"count":1,"href":"https:\/\/www.actualidadadiario.com\/index.php\/wp-json\/wp\/v2\/posts\/82406\/revisions"}],"predecessor-version":[{"id":82408,"href":"https:\/\/www.actualidadadiario.com\/index.php\/wp-json\/wp\/v2\/posts\/82406\/revisions\/82408"}],"wp:featuredmedia":[{"embeddable":true,"href":"https:\/\/www.actualidadadiario.com\/index.php\/wp-json\/wp\/v2\/media\/82407"}],"wp:attachment":[{"href":"https:\/\/www.actualidadadiario.com\/index.php\/wp-json\/wp\/v2\/media?parent=82406"}],"wp:term":[{"taxonomy":"category","embeddable":true,"href":"https:\/\/www.actualidadadiario.com\/index.php\/wp-json\/wp\/v2\/categories?post=82406"},{"taxonomy":"post_tag","embeddable":true,"href":"https:\/\/www.actualidadadiario.com\/index.php\/wp-json\/wp\/v2\/tags?post=82406"}],"curies":[{"name":"wp","href":"https:\/\/api.w.org\/{rel}","templated":true}]}}