{"id":82403,"date":"2022-02-14T13:14:14","date_gmt":"2022-02-14T16:14:14","guid":{"rendered":"https:\/\/www.actualidadadiario.com\/?p=82403"},"modified":"2022-02-14T13:14:14","modified_gmt":"2022-02-14T16:14:14","slug":"el-hospital-masvernat-recibio-un-respirador-neonatal-de-ultima-tecnologia","status":"publish","type":"post","link":"https:\/\/www.actualidadadiario.com\/index.php\/2022\/02\/14\/el-hospital-masvernat-recibio-un-respirador-neonatal-de-ultima-tecnologia\/","title":{"rendered":"El hospital Masvernat recibi\u00f3 un respirador neonatal de \u00faltima tecnolog\u00eda"},"content":{"rendered":"<p style=\"text-align: center;\"><em><strong>El nuevo equipamiento facilitar\u00e1 la asistencia respiratoria a los prematuros, sumando un equipo m\u00e1s y alcanzando de esta forma los 8 respiradores en un servicio que brinda asistencia y cobertura a una ampl\u00edsima zona de la provincia<\/strong><\/em><\/p>\n<p>&nbsp;<\/p>\n<p>&nbsp;<\/p>\n<p>El Ministerio de Salud adquiri\u00f3, mediante licitaci\u00f3n p\u00fablica N\u00b0 28\/21, con orden de compra 01\/22, un respirador de alta frecuencia para el servicio de Neonatolog\u00eda del hospital Delicia Concepci\u00f3n Masvernat de Concordia, referente del \u00e1rea neonatal II y que recibe a pacientes de toda la Costa del Uruguay.<\/p>\n<p>Dicho equipo insumi\u00f3 un total de 3.987.116 pesos. En la oportunidad, desde el hospital indicaron que va a beneficiar de m\u00faltiples formas al \u00e1rea, ya que facilitar\u00e1 la asistencia respiratoria a los prematuros, sumando un equipo m\u00e1s y alcanzando de esta forma los 8 respiradores en un servicio que brinda asistencia y cobertura a una ampl\u00edsima zona de la provincia.<\/p>\n<p>La recepci\u00f3n fue realizada por el secretario t\u00e9cnico, Bioingeniero Alejandro Ferrando; junto con el jefe del servicio, Dr. Blas Seminario G\u00f3mez; quienes acompa\u00f1aron al equipo de neonatolog\u00eda a una capacitaci\u00f3n para el correcto uso.<\/p>\n","protected":false},"excerpt":{"rendered":"<p>El nuevo equipamiento facilitar\u00e1 la asistencia respiratoria a los prematuros, sumando un equipo m\u00e1s y alcanzando de esta forma los 8 respiradores en un servicio que brinda asistencia y cobertura a una ampl\u00edsima zona de la provincia &nbsp; &nbsp; El Ministerio de Salud adquiri\u00f3, mediante licitaci\u00f3n p\u00fablica N\u00b0 28\/21, con orden de compra 01\/22, un respirador de alta frecuencia para el servicio de Neonatolog\u00eda del hospital Delicia Concepci\u00f3n Masvernat de Concordia, referente del \u00e1rea neonatal II y que recibe a pacientes de toda la Costa del Uruguay. Dicho equipo insumi\u00f3&#8230;<\/p>\n","protected":false},"author":3,"featured_media":82404,"comment_status":"closed","ping_status":"closed","sticky":false,"template":"","format":"standard","meta":[],"categories":[15],"tags":[],"_links":{"self":[{"href":"https:\/\/www.actualidadadiario.com\/index.php\/wp-json\/wp\/v2\/posts\/82403"}],"collection":[{"href":"https:\/\/www.actualidadadiario.com\/index.php\/wp-json\/wp\/v2\/posts"}],"about":[{"href":"https:\/\/www.actualidadadiario.com\/index.php\/wp-json\/wp\/v2\/types\/post"}],"author":[{"embeddable":true,"href":"https:\/\/www.actualidadadiario.com\/index.php\/wp-json\/wp\/v2\/users\/3"}],"replies":[{"embeddable":true,"href":"https:\/\/www.actualidadadiario.com\/index.php\/wp-json\/wp\/v2\/comments?post=82403"}],"version-history":[{"count":1,"href":"https:\/\/www.actualidadadiario.com\/index.php\/wp-json\/wp\/v2\/posts\/82403\/revisions"}],"predecessor-version":[{"id":82405,"href":"https:\/\/www.actualidadadiario.com\/index.php\/wp-json\/wp\/v2\/posts\/82403\/revisions\/82405"}],"wp:featuredmedia":[{"embeddable":true,"href":"https:\/\/www.actualidadadiario.com\/index.php\/wp-json\/wp\/v2\/media\/82404"}],"wp:attachment":[{"href":"https:\/\/www.actualidadadiario.com\/index.php\/wp-json\/wp\/v2\/media?parent=82403"}],"wp:term":[{"taxonomy":"category","embeddable":true,"href":"https:\/\/www.actualidadadiario.com\/index.php\/wp-json\/wp\/v2\/categories?post=82403"},{"taxonomy":"post_tag","embeddable":true,"href":"https:\/\/www.actualidadadiario.com\/index.php\/wp-json\/wp\/v2\/tags?post=82403"}],"curies":[{"name":"wp","href":"https:\/\/api.w.org\/{rel}","templated":true}]}}