{"id":8240,"date":"2017-03-10T10:32:43","date_gmt":"2017-03-10T13:32:43","guid":{"rendered":"http:\/\/actualidadadiario.com\/site\/?p=8240"},"modified":"2017-03-10T10:32:43","modified_gmt":"2017-03-10T13:32:43","slug":"cotapa-suspendio-produccion-y-licencio-trabajadores","status":"publish","type":"post","link":"https:\/\/www.actualidadadiario.com\/index.php\/2017\/03\/10\/cotapa-suspendio-produccion-y-licencio-trabajadores\/","title":{"rendered":"Cotapa suspendi\u00f3 producci\u00f3n y licenci\u00f3 trabajadores"},"content":{"rendered":"<p><em><strong>&#8220;Hemos decidido frenar la producci\u00f3n&#8221;, dijo el titular de la empresa propietaria de la firma l\u00e1ctea de Paran\u00e1. Cierran la planta por 15 d\u00edas y licenciaron a los trabajadores. Corre riesgo la fuente laboral de unas 400 personas<\/strong><\/em><\/p>\n<p>&nbsp;<\/p>\n<p>&nbsp;<\/p>\n<p>&nbsp;<\/p>\n<p>&nbsp;<\/p>\n<p>&nbsp;<\/p>\n<p>&nbsp;<\/p>\n<p>Al menos 400 trabajadores podr\u00edan quedar en la calle por el cese de actividades de la f\u00e1brica de l\u00e1cteos Cotapa de Paran\u00e1. As\u00ed lo confirm\u00f3 el due\u00f1o de En Premieur SA, la firma que se hizo cargo de la empresa paranaense en 2016.<\/p>\n<p>&nbsp;<\/p>\n<p>Tras conocerse la decisi\u00f3n de Sancor de paralizar la producci\u00f3n en cuatro de sus plantas en el pa\u00eds, ahora la crisis en el sector l\u00e1cteo golpea directamente a la capital entrerriana. Es que este jueves por la ma\u00f1ana se confirm\u00f3 que la firma l\u00e1ctea Cotapa decidi\u00f3 frenar la producci\u00f3n.<\/p>\n<p>&nbsp;<\/p>\n<p>En ese marco, trascendi\u00f3 que habr\u00edan sido despedidas dos personas, aunque con la determinaci\u00f3n de frenar las tareas en la planta correr\u00eda riesgo la fuente laboral alrededor de 400 personas.<\/p>\n<p>&nbsp;<\/p>\n<p>&nbsp;<\/p>\n<p>&nbsp;<\/p>\n<p><strong>Resoluci\u00f3n de la empresa<\/strong><\/p>\n<p>Cabe recordar que en 2014 la Cooperativa Tambera fue transferida por el Estado entrerriano a la Uni\u00f3n Transitoria de Empresas (UTE) conformada por Cartipam SA y En Premieur SA. Fue \u00e9sta \u00faltima la que qued\u00f3 a cargo luego.<\/p>\n<p>&nbsp;<\/p>\n<p>La falta de financiamiento, la dif\u00edcil situaci\u00f3n del sector en el pa\u00eds y las deudas ser\u00edan los motivos que esgrimen los empresarios para dejar de producir por un lapso que a\u00fan no fue confirmado.<\/p>\n<p>&nbsp;<\/p>\n<p>Juan Carlos Acevedo D\u00edaz, titular de &#8220;En Premieur SA&#8221;, la firma due\u00f1a de Cotapa, confirm\u00f3 que producto de la crisis del sector la producci\u00f3n se parar\u00e1 &#8220;en principio&#8221; por 15 d\u00edas, de modo de poder reconvertir la planta.<\/p>\n<p>&nbsp;<\/p>\n<p>&nbsp;<\/p>\n<p>&nbsp;<\/p>\n<p><strong>Baja del consumo<\/strong><\/p>\n<p>Acevedo D\u00edaz, titular de la firma due\u00f1a de Cotapa, indic\u00f3 que &#8220;en Enero de 2015 nos hicimos cargo de la empresa. La situaci\u00f3n es que hemos decidido frenar la producci\u00f3n, porque la crisis de la lecher\u00eda ha hecho que tengamos que reconvertir la firma para no seguir perdiendo dinero&#8221;.<\/p>\n<p>&nbsp;<\/p>\n<p>&#8220;Desde que nos hicimos cargo, Cotapa estaba absolutamente equilibrada, produciendo 120 mil litros por d\u00eda. Despu\u00e9s, las cuestiones clim\u00e1ticas hicieron que estuvi\u00e9ramos por debajo del punto de equilibrio, y nos termin\u00f3 matando la baja en el consumo&#8221;, resumi\u00f3 Acevedo D\u00edaz y agreg\u00f3 que &#8220;la baja brutal del consumo de l\u00e1cteos ha hecho que la empresa est\u00e9 bajo su punto de equilibrio durante todo el a\u00f1o&#8221;, relat\u00f3.<\/p>\n<p>&nbsp;<\/p>\n<p>&nbsp;<\/p>\n<p>&nbsp;<\/p>\n<p><strong>Licenciaron a los trabajadores<\/strong><\/p>\n<p>&#8220;Esperamos que la planta est\u00e9 cerrada 15 d\u00edas, pero todo depender\u00e1 del plan de reconversi\u00f3n&#8221;, dijo Acevedo D\u00edaz en declaraciones a Radio La Voz al dar cuenta de la incertidumbre que se viven por estas horas en la tradicional firma de la capital entrerriana.<\/p>\n<p>&nbsp;<\/p>\n<p>Los trabajadores &#8220;est\u00e1n de licencia, con goce de haberes. No es su culpa, sino de las pol\u00edticas gubernamentales. Esperamos e intentamos no tener que hacer recortes de personal. La intenci\u00f3n es que esto no ocurra as\u00ed. Es m\u00e1s, nuestra intenci\u00f3n es crecer y a eso apuntamos&#8221;, destac\u00f3 Acevedo D\u00edaz.<\/p>\n<p>&nbsp;<\/p>\n<p>&nbsp;<\/p>\n<p>&nbsp;<\/p>\n<p><strong>Falta de financiamiento<\/strong><\/p>\n<p>Sobre lo que necesitar\u00eda el sector, el empresario relat\u00f3: &#8220;En el gobierno nacional, he estado reunido con el Subsecretario de Lecher\u00eda, y no tienen ninguna pol\u00edtica para con el sector. Y en el nivel provincial, no hemos tenido reuniones con el Ministro de la Producci\u00f3n, pese a que le hemos planteado inquietudes. S\u00ed nos recibi\u00f3 el Ministro de Econom\u00eda&#8221;, cont\u00f3 el empresario.<\/p>\n<p>&nbsp;<\/p>\n<p>&#8220;Esto se hubiera podido solucionar f\u00e1cilmente si hubi\u00e9ramos podido acceder a bancos, pero no fue posible. Pas\u00f3 que en la licitaci\u00f3n, hab\u00eda cuestiones que no estaban terminadas, por lo cual no pudimos acceder a financiamiento&#8221;, denunci\u00f3 Acevedo D\u00edaz y agreg\u00f3 que &#8220;ahora, aunque terminaran esas cuestiones pendientes y pudi\u00e9ramos resolver esta cuesti\u00f3n, ya es tarde&#8221;, finaliz\u00f3.<\/p>\n","protected":false},"excerpt":{"rendered":"<p>&#8220;Hemos decidido frenar la producci\u00f3n&#8221;, dijo el titular de la empresa propietaria de la firma l\u00e1ctea de Paran\u00e1. Cierran la planta por 15 d\u00edas y licenciaron a los trabajadores. Corre riesgo la fuente laboral de unas 400 personas &nbsp; &nbsp; &nbsp; &nbsp; &nbsp; &nbsp; Al menos 400 trabajadores podr\u00edan quedar en la calle por el cese de actividades de la f\u00e1brica de l\u00e1cteos Cotapa de Paran\u00e1. As\u00ed lo confirm\u00f3 el due\u00f1o de En Premieur SA, la firma que se hizo cargo de la empresa paranaense en 2016. &nbsp; Tras conocerse&#8230;<\/p>\n","protected":false},"author":3,"featured_media":8241,"comment_status":"closed","ping_status":"closed","sticky":false,"template":"","format":"standard","meta":[],"categories":[15],"tags":[],"_links":{"self":[{"href":"https:\/\/www.actualidadadiario.com\/index.php\/wp-json\/wp\/v2\/posts\/8240"}],"collection":[{"href":"https:\/\/www.actualidadadiario.com\/index.php\/wp-json\/wp\/v2\/posts"}],"about":[{"href":"https:\/\/www.actualidadadiario.com\/index.php\/wp-json\/wp\/v2\/types\/post"}],"author":[{"embeddable":true,"href":"https:\/\/www.actualidadadiario.com\/index.php\/wp-json\/wp\/v2\/users\/3"}],"replies":[{"embeddable":true,"href":"https:\/\/www.actualidadadiario.com\/index.php\/wp-json\/wp\/v2\/comments?post=8240"}],"version-history":[{"count":1,"href":"https:\/\/www.actualidadadiario.com\/index.php\/wp-json\/wp\/v2\/posts\/8240\/revisions"}],"predecessor-version":[{"id":8242,"href":"https:\/\/www.actualidadadiario.com\/index.php\/wp-json\/wp\/v2\/posts\/8240\/revisions\/8242"}],"wp:featuredmedia":[{"embeddable":true,"href":"https:\/\/www.actualidadadiario.com\/index.php\/wp-json\/wp\/v2\/media\/8241"}],"wp:attachment":[{"href":"https:\/\/www.actualidadadiario.com\/index.php\/wp-json\/wp\/v2\/media?parent=8240"}],"wp:term":[{"taxonomy":"category","embeddable":true,"href":"https:\/\/www.actualidadadiario.com\/index.php\/wp-json\/wp\/v2\/categories?post=8240"},{"taxonomy":"post_tag","embeddable":true,"href":"https:\/\/www.actualidadadiario.com\/index.php\/wp-json\/wp\/v2\/tags?post=8240"}],"curies":[{"name":"wp","href":"https:\/\/api.w.org\/{rel}","templated":true}]}}