{"id":82397,"date":"2022-02-14T13:12:35","date_gmt":"2022-02-14T16:12:35","guid":{"rendered":"https:\/\/www.actualidadadiario.com\/?p=82397"},"modified":"2022-02-14T13:12:35","modified_gmt":"2022-02-14T16:12:35","slug":"de-cara-al-inicio-del-ciclo-lectivo-salud-insta-a-completar-el-calendario-nacional-de-vacunacion-en-las-infancias","status":"publish","type":"post","link":"https:\/\/www.actualidadadiario.com\/index.php\/2022\/02\/14\/de-cara-al-inicio-del-ciclo-lectivo-salud-insta-a-completar-el-calendario-nacional-de-vacunacion-en-las-infancias\/","title":{"rendered":"De cara al inicio del ciclo lectivo Salud insta a completar el Calendario Nacional de Vacunaci\u00f3n en las infancias"},"content":{"rendered":"<p style=\"text-align: center;\"><em><strong>Pocas semanas antes del comienzo de las clases, desde el Ministerio de Salud de Entre R\u00edos recordaron cu\u00e1les son las vacunas del Calendario Nacional con las que deben contar los ni\u00f1os de 5 y 11 a\u00f1os para el regreso a las aulas<\/strong><\/em><\/p>\n<p>&nbsp;<\/p>\n<p>&nbsp;<\/p>\n<p>Desde la Direcci\u00f3n de Salud Materno Infanto Juvenil (Dmijer) y el Programa Ampliado de Inmunizaciones (PAI) de la cartera sanitaria entrerriana, se puso el acento en la importancia de mantener buenos niveles de cobertura con las vacunas del Calendario Nacional, as\u00ed como tambi\u00e9n cumplir con la inmunizaci\u00f3n para Covid-19 en mayores de tres a\u00f1os, para generar un efecto protector, tanto a nivel individual como comunitario, y as\u00ed controlar las enfermedades inmunoprevenibles.<\/p>\n<p>Especialmente, ante la proximidad del inicio del ciclo lectivo, se record\u00f3 cu\u00e1les son las vacunas con las que deben contar los ni\u00f1os y las ni\u00f1as para el ingreso a clases.<\/p>\n<p>Cabe recordar que todas las vacunas del Calendario Nacional son obligatorias y gratuitas y que la vacunaci\u00f3n contra el Coronavirus, si bien no es obligatoria, se encuentra fuertemente recomendada tanto por el Ministerio de Salud como por las sociedades cient\u00edficas. Todas las vacunas se aplican en los vacunatorios, centros de salud y hospitales p\u00fablicos de todo el pa\u00eds.<\/p>\n<p>&nbsp;<\/p>\n<p><strong>A los cinco a\u00f1os (ingreso escolar)<\/strong><\/p>\n<p>Los ni\u00f1os y ni\u00f1as de cinco a\u00f1os tienen indicadas cuatro vacunas: la antipoliomiel\u00edtica inactivada tipo Salk (dosis de refuerzo); triple viral, que previene sarampi\u00f3n, rub\u00e9ola y paperas (segunda dosis); triple bacteriana celular, que previene difteria, t\u00e9tanos y tos convulsa (segundo refuerzo) y varicela (segunda dosis).<\/p>\n<p>En relaci\u00f3n a esta \u00faltima, cabe destacar que desde el 1 de enero de 2022 se incorpor\u00f3 al Calendario Nacional de Vacunaci\u00f3n (CNV) la segunda dosis de la vacuna contra la varicela para todos los ni\u00f1os y ni\u00f1as que cumplan o hayan cumplido 5 a\u00f1os desde la fecha de inicio de la estrategia (que comenz\u00f3 a implementarse en el a\u00f1o 2015). Por este motivo los ni\u00f1os y ni\u00f1as de entre 5 y 8 a\u00f1os nacidos desde el 1 de octubre de 2013 en adelante deben concurrir a los vacunatorios para recibir la segunda dosis contra la varicela.<\/p>\n<p>&nbsp;<\/p>\n<p><strong>Vacunas a los 11 a\u00f1os<\/strong><\/p>\n<p>Deben aplicarse tres vacunas: Meningococo ACYW (se aplica por \u00fanica vez); triple bacteriana acelular, que previene difteria, t\u00e9tanos y tos convulsa (reciben dosis de refuerzo); y contra el Virus de Papiloma Humano (dos dosis con intervalo de 6 meses).<\/p>\n<p>&nbsp;<\/p>\n<p><strong>Vacunaci\u00f3n Covid<\/strong><\/p>\n<p>Las autoridades destacaron que la vacunaci\u00f3n Covid puede administrarse de forma simult\u00e1nea con el resto de las vacunas de Calendario o con cualquier intervalo de tiempo entre las mismas; y que no debe perderse la oportunidad de iniciar o completar esquemas.<\/p>\n<p>Adem\u00e1s, si bien la vacuna Covid no es obligatoria, es recomendada tanto por el Ministerio de Salud como por las sociedades cient\u00edficas para poder garantizar una presencialidad cuidada.<\/p>\n<p><strong>Grupo de 3 a 11 a\u00f1os inclusive:<\/strong> Para ellos est\u00e1 indicada la vacuna Sinopharm (dos dosis, con intervalo m\u00ednimo de 21 d\u00edas entre ambas aplicaciones). Disponibles en todos los centros de salud y hospitales de la provincia, con distintos d\u00edas y horarios seg\u00fan organizaci\u00f3n de cada efector.<\/p>\n<p><strong>Grupo de 12 a 17 a\u00f1os inclusive:<\/strong> Para ellos se emplean las vacunas Pfizer o Moderna (dos dosis, con intervalo m\u00ednimo de 28 d\u00edas entre las aplicaciones) y refuerzo luego de 120 d\u00edas de la \u00faltima dosis. Disponibles en algunos efectores y en dispositivos centralizados de inmunizaci\u00f3n en las distintas localidades de la provincia.<\/p>\n<p>Finalmente, se debe tener presente que en caso de haber cursado Covid se recomienda esperar 10 d\u00edas pos alta para recibir vacunas de Calendario o vacunas de esquema primario para Covid (1era y 2\u00aa dosis). En cambio, cuando corresponde aplicar la dosis de refuerzo Covid se debe esperar 90 d\u00edas luego de obtener el alta para recibirla.<\/p>\n","protected":false},"excerpt":{"rendered":"<p>Pocas semanas antes del comienzo de las clases, desde el Ministerio de Salud de Entre R\u00edos recordaron cu\u00e1les son las vacunas del Calendario Nacional con las que deben contar los ni\u00f1os de 5 y 11 a\u00f1os para el regreso a las aulas &nbsp; &nbsp; Desde la Direcci\u00f3n de Salud Materno Infanto Juvenil (Dmijer) y el Programa Ampliado de Inmunizaciones (PAI) de la cartera sanitaria entrerriana, se puso el acento en la importancia de mantener buenos niveles de cobertura con las vacunas del Calendario Nacional, as\u00ed como tambi\u00e9n cumplir con la&#8230;<\/p>\n","protected":false},"author":3,"featured_media":82398,"comment_status":"closed","ping_status":"closed","sticky":false,"template":"","format":"standard","meta":[],"categories":[9,15],"tags":[],"_links":{"self":[{"href":"https:\/\/www.actualidadadiario.com\/index.php\/wp-json\/wp\/v2\/posts\/82397"}],"collection":[{"href":"https:\/\/www.actualidadadiario.com\/index.php\/wp-json\/wp\/v2\/posts"}],"about":[{"href":"https:\/\/www.actualidadadiario.com\/index.php\/wp-json\/wp\/v2\/types\/post"}],"author":[{"embeddable":true,"href":"https:\/\/www.actualidadadiario.com\/index.php\/wp-json\/wp\/v2\/users\/3"}],"replies":[{"embeddable":true,"href":"https:\/\/www.actualidadadiario.com\/index.php\/wp-json\/wp\/v2\/comments?post=82397"}],"version-history":[{"count":1,"href":"https:\/\/www.actualidadadiario.com\/index.php\/wp-json\/wp\/v2\/posts\/82397\/revisions"}],"predecessor-version":[{"id":82399,"href":"https:\/\/www.actualidadadiario.com\/index.php\/wp-json\/wp\/v2\/posts\/82397\/revisions\/82399"}],"wp:featuredmedia":[{"embeddable":true,"href":"https:\/\/www.actualidadadiario.com\/index.php\/wp-json\/wp\/v2\/media\/82398"}],"wp:attachment":[{"href":"https:\/\/www.actualidadadiario.com\/index.php\/wp-json\/wp\/v2\/media?parent=82397"}],"wp:term":[{"taxonomy":"category","embeddable":true,"href":"https:\/\/www.actualidadadiario.com\/index.php\/wp-json\/wp\/v2\/categories?post=82397"},{"taxonomy":"post_tag","embeddable":true,"href":"https:\/\/www.actualidadadiario.com\/index.php\/wp-json\/wp\/v2\/tags?post=82397"}],"curies":[{"name":"wp","href":"https:\/\/api.w.org\/{rel}","templated":true}]}}