{"id":82390,"date":"2022-02-14T13:10:52","date_gmt":"2022-02-14T16:10:52","guid":{"rendered":"https:\/\/www.actualidadadiario.com\/?p=82390"},"modified":"2022-02-14T13:10:52","modified_gmt":"2022-02-14T16:10:52","slug":"aumentan-40-las-compensaciones-al-transporte-publico-del-interior","status":"publish","type":"post","link":"https:\/\/www.actualidadadiario.com\/index.php\/2022\/02\/14\/aumentan-40-las-compensaciones-al-transporte-publico-del-interior\/","title":{"rendered":"Aumentan 40% las compensaciones al transporte p\u00fablico del interior"},"content":{"rendered":"<p style=\"text-align: center;\"><em><strong>Tal como se hab\u00eda adelantado en la reuni\u00f3n de gobernadores del Norte Grande el \u00faltimo viernes, la decisi\u00f3n supone para el primer trimestre del a\u00f1o una asignaci\u00f3n mensual de 3.200 millones de pesos para el transporte p\u00fablico del interior del pa\u00eds<\/strong><\/em><\/p>\n<p>&nbsp;<\/p>\n<p>&nbsp;<\/p>\n<p>El Ministerio de Transporte dispuso una asignaci\u00f3n mensual de $ 3.200 millones en el primer trimestre de 2022 al transporte p\u00fablico por automotor de pasajeros urbano y suburbano del interior del pa\u00eds, con un incremento del 40% respecto de los montos vigentes.<\/p>\n<p>La medida se formaliz\u00f3 mediante la resoluci\u00f3n 82\/2022 de la cartera encabezada por Alexis Guerrera y fue publicada este lunes en el Bolet\u00edn Oficial.<\/p>\n<p>El incremento hab\u00eda sido anticipado por el ministro Alexis Guerrera en la reuni\u00f3n del \u00faltimo viernes de gobernadores del Norte Grande, quienes a su vez manifestaron su apoyo a la decisi\u00f3n de Transporte de discutir con el gobierno de la Ciudad de Buenos Aires la transferencia de la potestad de regular las tarifas y los eventuales subsidios de las 32 l\u00edneas de colectivos con recorrido dentro del territorio del distrito.<\/p>\n<p>La postura de los gobernadores se fundament\u00f3 en que las tarifas de autotransporte de pasajeros en CABA no solo son las m\u00e1s bajas del pa\u00eds, sino que, adem\u00e1s, reciben muchos m\u00e1s subsidios del Estado nacional que el resto del pa\u00eds.<\/p>\n<p>La resoluci\u00f3n fue resaltada por el diputado entrerriano del Frente de Todos Marcelo Casaretto, quien en su cuenta de Twitter explic\u00f3 que &#8220;el objetivo es llegar a $ 46.000 millones en el a\u00f1o&#8221;, un 70% m\u00e1s que los $ 27.000 millones de 2021.<\/p>\n<p>&#8220;El a\u00f1o pasado present\u00e9 el proyecto de ley respaldado por los gobernadores y luego incluimos ese monto en el Presupuesto 2022, que fue rechazado por la oposici\u00f3n&#8221;, record\u00f3 el legislador, quien complet\u00f3 su tuit se\u00f1alando que &#8220;ahora el presidente Alberto Fern\u00e1ndez dispone sacar este aumento por resoluci\u00f3n, haciendo un pa\u00eds federal&#8221;.<\/p>\n<p>La resoluci\u00f3n estableci\u00f3 la distribuci\u00f3n del &#8220;Fondo de Compensaci\u00f3n al Transporte P\u00fablico de pasajeros por automotor urbano y suburbano del interior del pa\u00eds&#8221; en un monto mensual de $ 3.200 millones para el trimestre enero-marzo, totalizando la suma de $ 9.600 millones para todo el per\u00edodo.<\/p>\n<p>El mencionado fondo fue creado con el prop\u00f3sito de &#8220;generar un sistema de distribuci\u00f3n equitativo y que garantice la trazabilidad del uso de los fondos p\u00fablicos&#8221; por medio de &#8220;un proceso de liquidaci\u00f3n caracterizado por su transparencia y por brindar un marco de igualdad&#8221; para sus beneficiarios, se indic\u00f3 en los considerandos de la resoluci\u00f3n.<\/p>\n<p>Al respecto, en base a un an\u00e1lisis de la Subsecretar\u00eda de Pol\u00edtica Econ\u00f3mica y Financiera de Transporte, se sostuvo que &#8220;si bien en los \u00faltimos tiempos ha habido una mejora en lo que hace a presentaci\u00f3n de informaci\u00f3n por parte de las jurisdicciones, sigue evidenci\u00e1ndose que hay jurisdicciones y empresas del interior que a\u00fan no han cumplimentado los oportunos requerimientos de informaci\u00f3n&#8221;<\/p>\n<p>Por tal raz\u00f3n, la resoluci\u00f3n estableci\u00f3 que la condici\u00f3n para que las provincias y\/o municipios perciban los recursos deber\u00e1 suscribir convenios con el Ministerio de Transporte.<\/p>\n<p>Por esos convenios, las jurisdicciones beneficiarias se comprometen a continuar aportando un monto que, como m\u00ednimo, mantenga la proporci\u00f3n que se hubiera verificado por los aportes correspondientes a 2021 en concepto de fondo compensador y los aportes de las jurisdicciones locales.<\/p>\n","protected":false},"excerpt":{"rendered":"<p>Tal como se hab\u00eda adelantado en la reuni\u00f3n de gobernadores del Norte Grande el \u00faltimo viernes, la decisi\u00f3n supone para el primer trimestre del a\u00f1o una asignaci\u00f3n mensual de 3.200 millones de pesos para el transporte p\u00fablico del interior del pa\u00eds &nbsp; &nbsp; El Ministerio de Transporte dispuso una asignaci\u00f3n mensual de $ 3.200 millones en el primer trimestre de 2022 al transporte p\u00fablico por automotor de pasajeros urbano y suburbano del interior del pa\u00eds, con un incremento del 40% respecto de los montos vigentes. La medida se formaliz\u00f3 mediante&#8230;<\/p>\n","protected":false},"author":3,"featured_media":82391,"comment_status":"closed","ping_status":"closed","sticky":false,"template":"","format":"standard","meta":[],"categories":[18],"tags":[],"_links":{"self":[{"href":"https:\/\/www.actualidadadiario.com\/index.php\/wp-json\/wp\/v2\/posts\/82390"}],"collection":[{"href":"https:\/\/www.actualidadadiario.com\/index.php\/wp-json\/wp\/v2\/posts"}],"about":[{"href":"https:\/\/www.actualidadadiario.com\/index.php\/wp-json\/wp\/v2\/types\/post"}],"author":[{"embeddable":true,"href":"https:\/\/www.actualidadadiario.com\/index.php\/wp-json\/wp\/v2\/users\/3"}],"replies":[{"embeddable":true,"href":"https:\/\/www.actualidadadiario.com\/index.php\/wp-json\/wp\/v2\/comments?post=82390"}],"version-history":[{"count":2,"href":"https:\/\/www.actualidadadiario.com\/index.php\/wp-json\/wp\/v2\/posts\/82390\/revisions"}],"predecessor-version":[{"id":82393,"href":"https:\/\/www.actualidadadiario.com\/index.php\/wp-json\/wp\/v2\/posts\/82390\/revisions\/82393"}],"wp:featuredmedia":[{"embeddable":true,"href":"https:\/\/www.actualidadadiario.com\/index.php\/wp-json\/wp\/v2\/media\/82391"}],"wp:attachment":[{"href":"https:\/\/www.actualidadadiario.com\/index.php\/wp-json\/wp\/v2\/media?parent=82390"}],"wp:term":[{"taxonomy":"category","embeddable":true,"href":"https:\/\/www.actualidadadiario.com\/index.php\/wp-json\/wp\/v2\/categories?post=82390"},{"taxonomy":"post_tag","embeddable":true,"href":"https:\/\/www.actualidadadiario.com\/index.php\/wp-json\/wp\/v2\/tags?post=82390"}],"curies":[{"name":"wp","href":"https:\/\/api.w.org\/{rel}","templated":true}]}}