{"id":82387,"date":"2022-02-14T13:10:07","date_gmt":"2022-02-14T16:10:07","guid":{"rendered":"https:\/\/www.actualidadadiario.com\/?p=82387"},"modified":"2022-02-14T13:10:07","modified_gmt":"2022-02-14T16:10:07","slug":"alberto-fernandez-declarara-como-testigo-en-el-juicio-por-la-obra-publica","status":"publish","type":"post","link":"https:\/\/www.actualidadadiario.com\/index.php\/2022\/02\/14\/alberto-fernandez-declarara-como-testigo-en-el-juicio-por-la-obra-publica\/","title":{"rendered":"Alberto Fern\u00e1ndez declarar\u00e1 como testigo en el juicio por la Obra P\u00fablica"},"content":{"rendered":"<p style=\"text-align: center;\"><em><strong>Est\u00e1 previsto para las 9.30 y el jefe del Estado anunci\u00f3 p\u00fablicamente que concurrir\u00e1 en persona a responder las preguntas del tribunal<\/strong><\/em><\/p>\n<p>&nbsp;<\/p>\n<p>&nbsp;<\/p>\n<p>El presidente, Alberto Fern\u00e1ndez, declarar\u00e1 ma\u00f1ana como testigo, en su condici\u00f3n de ex jefe de Gabinete, en el juicio oral en el que est\u00e1 entre los acusados su vice, Cristina Fern\u00e1ndez de Kirchner, por presuntos delitos cometidos en la adjudicaci\u00f3n de obra p\u00fablica en Santa Cruz durante el per\u00edodo 2003 \u2013 2015.<\/p>\n<p>Fern\u00e1ndez anunci\u00f3 p\u00fablicamente que concurrir\u00e1 a efectuar la declaraci\u00f3n, bajo juramento de decir verdad, de manera presencial, pese a que tiene la prerrogativa de hacerlo por escrito por su condici\u00f3n de jefe del Estado. La audiencia fue convocada para las 9.30 ante el Tribunal Oral Federal n\u00famero dos, integrado por los jueces Andr\u00e9s Basso, Jorge Gorini y Rodrigo Gim\u00e9nez Uriburu.<\/p>\n<p>La declaraci\u00f3n de Alberto Fern\u00e1ndez marcar\u00e1 la continuidad de la que ya prestaron, tambi\u00e9n de manera presencial, otros dos ex jefes de Gabinete: Jorge Capitanich y An\u00edbal Fern\u00e1ndez. Para fin de mes est\u00e1 previsto que declare el actual presidente de la C\u00e1mara de Diputados y tambi\u00e9n ex jefe de Gabinete, Sergio Massa.<\/p>\n<p>Alberto Fern\u00e1ndez fue convocado por pedido de las defensas de Cristina Fern\u00e1ndez de Kirchner, a cargo de Carlos Alberto Beraldi; la del empresario L\u00e1zaro B\u00e1ez, en manos de Juan Mart\u00edn Villanueva,\u00a0 y la del ex ministro de Planificaci\u00f3n Julio De Vido, que ejerce Maximiliano Rusconi.<\/p>\n<p>La declaraci\u00f3n de Alberto Fern\u00e1ndez est\u00e1 prevista desde mucho antes de que fuera electo presidente de la Naci\u00f3n. En la etapa de la \u201cinstrucci\u00f3n suplementaria\u201d, previo al inicio del juicio oral, las partes proponen a los testigos que planean interrogar y el resto de la prueba.<\/p>\n<p>Ello ocurri\u00f3 en 2018, durante la presidencia de Mauricio Macri, y los acontecimientos pol\u00edticos derivaron luego en la actualidad, que encuentra a todos los ex jefes de Gabinete ocupando diferentes roles en el actual gobierno. El juicio oral se inici\u00f3 antes de que comenzara el proceso electoral que desemboc\u00f3 en la presidencia de los Fern\u00e1ndez, en mayo de 2019.<\/p>\n<p>Hasta ahora, todos los ex jefes de Gabinete explicaron c\u00f3mo funciona el mecanismo de adjudicaci\u00f3n de obra p\u00fablica y negaron rotundamente haber recibido alguna instrucci\u00f3n para que se direccionara la adjudicaci\u00f3n a favor de las empresas de L\u00e1zaro B\u00e1ez.<\/p>\n<p>Menos a\u00fan, testigos explicaron que el hecho de estar radicada en Santa Cruz, contar con una log\u00edstica del lugar y el conocimiento de las condiciones climatol\u00f3gicas para operar era un factor decisivo a la hora de que B\u00e1ez resultara adjudicatario de las licitaciones.<\/p>\n<p>Pero adem\u00e1s, en el juicio se investigan un total de 52 obras (de un universo mucho mayor en todo el pa\u00eds) y seg\u00fan las defensas, gran parte de esos hechos ya fueron juzgados y sobrese\u00eddos en otras instancias judiciales, por lo cual reclaman por el principio de \u201cne bis in \u00eddem\u201d (nadie puede ser juzgado dos veces por el mismo delito).<\/p>\n","protected":false},"excerpt":{"rendered":"<p>Est\u00e1 previsto para las 9.30 y el jefe del Estado anunci\u00f3 p\u00fablicamente que concurrir\u00e1 en persona a responder las preguntas del tribunal &nbsp; &nbsp; El presidente, Alberto Fern\u00e1ndez, declarar\u00e1 ma\u00f1ana como testigo, en su condici\u00f3n de ex jefe de Gabinete, en el juicio oral en el que est\u00e1 entre los acusados su vice, Cristina Fern\u00e1ndez de Kirchner, por presuntos delitos cometidos en la adjudicaci\u00f3n de obra p\u00fablica en Santa Cruz durante el per\u00edodo 2003 \u2013 2015. Fern\u00e1ndez anunci\u00f3 p\u00fablicamente que concurrir\u00e1 a efectuar la declaraci\u00f3n, bajo juramento de decir verdad,&#8230;<\/p>\n","protected":false},"author":3,"featured_media":82388,"comment_status":"closed","ping_status":"closed","sticky":false,"template":"","format":"standard","meta":[],"categories":[18],"tags":[],"_links":{"self":[{"href":"https:\/\/www.actualidadadiario.com\/index.php\/wp-json\/wp\/v2\/posts\/82387"}],"collection":[{"href":"https:\/\/www.actualidadadiario.com\/index.php\/wp-json\/wp\/v2\/posts"}],"about":[{"href":"https:\/\/www.actualidadadiario.com\/index.php\/wp-json\/wp\/v2\/types\/post"}],"author":[{"embeddable":true,"href":"https:\/\/www.actualidadadiario.com\/index.php\/wp-json\/wp\/v2\/users\/3"}],"replies":[{"embeddable":true,"href":"https:\/\/www.actualidadadiario.com\/index.php\/wp-json\/wp\/v2\/comments?post=82387"}],"version-history":[{"count":1,"href":"https:\/\/www.actualidadadiario.com\/index.php\/wp-json\/wp\/v2\/posts\/82387\/revisions"}],"predecessor-version":[{"id":82389,"href":"https:\/\/www.actualidadadiario.com\/index.php\/wp-json\/wp\/v2\/posts\/82387\/revisions\/82389"}],"wp:featuredmedia":[{"embeddable":true,"href":"https:\/\/www.actualidadadiario.com\/index.php\/wp-json\/wp\/v2\/media\/82388"}],"wp:attachment":[{"href":"https:\/\/www.actualidadadiario.com\/index.php\/wp-json\/wp\/v2\/media?parent=82387"}],"wp:term":[{"taxonomy":"category","embeddable":true,"href":"https:\/\/www.actualidadadiario.com\/index.php\/wp-json\/wp\/v2\/categories?post=82387"},{"taxonomy":"post_tag","embeddable":true,"href":"https:\/\/www.actualidadadiario.com\/index.php\/wp-json\/wp\/v2\/tags?post=82387"}],"curies":[{"name":"wp","href":"https:\/\/api.w.org\/{rel}","templated":true}]}}