{"id":82376,"date":"2022-02-14T13:07:00","date_gmt":"2022-02-14T16:07:00","guid":{"rendered":"https:\/\/www.actualidadadiario.com\/?p=82376"},"modified":"2022-02-14T13:07:00","modified_gmt":"2022-02-14T16:07:00","slug":"de-pedro-impulsa-una-campana-contra-el-bullying-en-los-colegios","status":"publish","type":"post","link":"https:\/\/www.actualidadadiario.com\/index.php\/2022\/02\/14\/de-pedro-impulsa-una-campana-contra-el-bullying-en-los-colegios\/","title":{"rendered":"De Pedro impulsa una campa\u00f1a contra el bullying en los colegios"},"content":{"rendered":"<p style=\"text-align: center;\"><em><strong>El ministro del Interior, Eduardo &#8220;Wado&#8221; De Pedro est\u00e1 trabajando en una propuesta de dar charlas y realizar actividades en los colegios con distintas personalidades de todos los rubros sobre diversidad, tolerancia, Integraci\u00f3n y concientizar sobre el bullying en los colegios y otras instituciones<\/strong><\/em><\/p>\n<p>&nbsp;<\/p>\n<p>&nbsp;<\/p>\n<p>Como parte del impulso a esa propuesta, sum\u00f3 al gobernador de Misiones, Oscar Herrera Ahuad, aprovechando su presencia en la reuni\u00f3n con los gobernadores del Norte Grande para analizar cuestiones econ\u00f3micas de las provincias, como los subsidios a la energ\u00eda y el transporte.<\/p>\n<p>De Pedro destac\u00f3 que el gobernador misiones &#8220;adem\u00e1s de ser un ejemplo de superaci\u00f3n, es una gran persona. Le propuse que a partir de su experiencia se sume a las actividades que estamos organizando para trabajar por la integraci\u00f3n y prevenir sobre el bullying en los colegios&#8221;, cont\u00f3 a trav\u00e9s de Twitter.<\/p>\n","protected":false},"excerpt":{"rendered":"<p>El ministro del Interior, Eduardo &#8220;Wado&#8221; De Pedro est\u00e1 trabajando en una propuesta de dar charlas y realizar actividades en los colegios con distintas personalidades de todos los rubros sobre diversidad, tolerancia, Integraci\u00f3n y concientizar sobre el bullying en los colegios y otras instituciones &nbsp; &nbsp; Como parte del impulso a esa propuesta, sum\u00f3 al gobernador de Misiones, Oscar Herrera Ahuad, aprovechando su presencia en la reuni\u00f3n con los gobernadores del Norte Grande para analizar cuestiones econ\u00f3micas de las provincias, como los subsidios a la energ\u00eda y el transporte. De&#8230;<\/p>\n","protected":false},"author":3,"featured_media":82377,"comment_status":"closed","ping_status":"closed","sticky":false,"template":"","format":"standard","meta":[],"categories":[18],"tags":[],"_links":{"self":[{"href":"https:\/\/www.actualidadadiario.com\/index.php\/wp-json\/wp\/v2\/posts\/82376"}],"collection":[{"href":"https:\/\/www.actualidadadiario.com\/index.php\/wp-json\/wp\/v2\/posts"}],"about":[{"href":"https:\/\/www.actualidadadiario.com\/index.php\/wp-json\/wp\/v2\/types\/post"}],"author":[{"embeddable":true,"href":"https:\/\/www.actualidadadiario.com\/index.php\/wp-json\/wp\/v2\/users\/3"}],"replies":[{"embeddable":true,"href":"https:\/\/www.actualidadadiario.com\/index.php\/wp-json\/wp\/v2\/comments?post=82376"}],"version-history":[{"count":1,"href":"https:\/\/www.actualidadadiario.com\/index.php\/wp-json\/wp\/v2\/posts\/82376\/revisions"}],"predecessor-version":[{"id":82378,"href":"https:\/\/www.actualidadadiario.com\/index.php\/wp-json\/wp\/v2\/posts\/82376\/revisions\/82378"}],"wp:featuredmedia":[{"embeddable":true,"href":"https:\/\/www.actualidadadiario.com\/index.php\/wp-json\/wp\/v2\/media\/82377"}],"wp:attachment":[{"href":"https:\/\/www.actualidadadiario.com\/index.php\/wp-json\/wp\/v2\/media?parent=82376"}],"wp:term":[{"taxonomy":"category","embeddable":true,"href":"https:\/\/www.actualidadadiario.com\/index.php\/wp-json\/wp\/v2\/categories?post=82376"},{"taxonomy":"post_tag","embeddable":true,"href":"https:\/\/www.actualidadadiario.com\/index.php\/wp-json\/wp\/v2\/tags?post=82376"}],"curies":[{"name":"wp","href":"https:\/\/api.w.org\/{rel}","templated":true}]}}