{"id":82374,"date":"2022-02-14T13:06:13","date_gmt":"2022-02-14T16:06:13","guid":{"rendered":"https:\/\/www.actualidadadiario.com\/?p=82374"},"modified":"2022-02-14T13:06:13","modified_gmt":"2022-02-14T16:06:13","slug":"congreso-se-retrasa-el-debate-por-la-discusion-sobre-las-presidencias-de-las-comisiones","status":"publish","type":"post","link":"https:\/\/www.actualidadadiario.com\/index.php\/2022\/02\/14\/congreso-se-retrasa-el-debate-por-la-discusion-sobre-las-presidencias-de-las-comisiones\/","title":{"rendered":"Congreso: se retrasa el debate por la discusi\u00f3n sobre las presidencias de las comisiones"},"content":{"rendered":"<p style=\"text-align: center;\"><em><strong>Tras la victoria en las elecciones de medio t\u00e9rmino, la oposici\u00f3n reclama la titularidad de algunos grupos de trabajo en el Senado mientras Sergio Massa inici\u00f3 conversaciones con todos los bloques para conformar los de Diputados<\/strong><\/em><\/p>\n<p>&nbsp;<\/p>\n<p>&nbsp;<\/p>\n<p>El di\u00e1logo pol\u00edtico por la integraci\u00f3n de las comisiones qued\u00f3 empantanado en el Senado de la Naci\u00f3n al no producirse un acuerdo entre la bancada del Frente de Todos (FdT) y la de Juntos por el Cambio (JxC) sobre la titularidad de las comisiones que reclama el espacio opositor tras las elecciones legislativas de noviembre.<\/p>\n<p>En la C\u00e1mara de Diputados, en tanto, el presidente del cuerpo, Sergio Massa, abri\u00f3 una ronda de conversaciones con todos los bloques para avanzar en la conformaci\u00f3n de las comisiones que deber\u00e1n tratar los proyectos enviados por el Gobierno para el per\u00edodo de sesiones extraordinarias de febrero.<\/p>\n<p>&nbsp;<\/p>\n<p><strong>Senado<\/strong><\/p>\n<p>En la C\u00e1mara alta, fuentes del FdT informaron que el jefe de los senadores de ese bloque, Jos\u00e9 Mayans, se reuni\u00f3 en los \u00faltimos d\u00edas con la vicepresidenta y presidenta del Senado, Cristina Fern\u00e1ndez de Kirchner, para avanzar en la composici\u00f3n de las comisiones.<\/p>\n<p>Tambi\u00e9n discutieron la agenda de temas que envi\u00f3 el Poder Ejecutivo para extraordinarias y la posici\u00f3n que llevar\u00e1 el oficialismo a la discusi\u00f3n parlamentaria sobre el acuerdo con el Fondo Monetario Internacional (FMI) para la renegociaci\u00f3n de la deuda con el organismo contra\u00edda por el Gobierno de Mauricio Macri.<\/p>\n<p>Las mismas fuentes dijeron que el oficialismo &#8220;no est\u00e1 pensando&#8221; en cederle presidencias de comisiones al interbloque de JxC, algo que los legisladores opositores piden tras la victoria en los comicios de medio t\u00e9rmino.<\/p>\n<p>Desde el Frente de Todos informaron que &#8220;hay malestar&#8221; con sus pares de la oposici\u00f3n por &#8220;no haber cumplido con la palabra empe\u00f1ada&#8221; en el debate de la reforma del impuesto a los Bienes Personales, cuando decidieron no dar qu\u00f3rum y judicializar la discusi\u00f3n.<\/p>\n<p>&#8220;Dijeron una cosa en las reuniones de Labor Parlamentaria y luego hicieron otra. No queremos darle comisiones y que despu\u00e9s &#8216;duerman&#8217; los debates y no convoquen a reuniones&#8221;, sostuvo una de fuentes del oficialismo consultadas.<\/p>\n<p>La oposici\u00f3n, por su parte, recrimin\u00f3 a las autoridades de la C\u00e1mara que a ra\u00edz de las diferencias pol\u00edticas se dispusiera el cese de las contrataciones de unos 40 asesores del bloque radical, pero desde el oficialismo aclararon que se trataba de contratos que finalizaron cuando se termin\u00f3 el mandato de senadores de la UCR y que ellos &#8220;fueron los responsables de no haber pedido la continuidad&#8221;.<\/p>\n<p>&nbsp;<\/p>\n<p><strong>Diputados<\/strong><\/p>\n<p>En la C\u00e1mara de Diputados, en tanto, Massa avanz\u00f3 en conversaciones con el resto de los bloques y el presidente del bloque de diputados nacionales del FdT, Germ\u00e1n Mart\u00ednez, mantuvo reuniones presenciales y conversaciones telef\u00f3nicas con sus compa\u00f1eros de bloque, y con los principales referentes de algunas bancadas opositoras.<\/p>\n<p>Entre otras cuestiones, la conducci\u00f3n del bloque est\u00e1 consultando a sus integrantes sobre las comisiones que quieren integrar, de cara a la conformaci\u00f3n definitiva de las mismas, que se terminar\u00e1 de delinear en los pr\u00f3ximos d\u00edas.<\/p>\n<p>Entre los temas que el Ejecutivo envi\u00f3 al Congreso, uno de los proyectos con m\u00e1s probabilidades de recibir r\u00e1pido tratamiento es el referido a la comercializaci\u00f3n de cannabis medicinal, debido a que no habr\u00eda discrepancias entre oficialismo y oposici\u00f3n, precisaron fuentes parlamentarias.<\/p>\n<p>El acuerdo con el FMI, en tanto, quedar\u00eda para marzo, una vez que el presidente Alberto Fern\u00e1ndez inaugure el per\u00edodo de sesiones ordinarias tras el mensaje ante la Asamblea Legislativa.<\/p>\n<p>Massa afirm\u00f3 esta semana que &#8220;no tiene dudas&#8221; de que el Congreso sancionar\u00e1 el acuerdo por la renegociaci\u00f3n de la deuda tomada por el expresidente Mauricio Macri.<\/p>\n<p>El diputado del FdT Eduardo Vald\u00e9s estim\u00f3 por su parte que &#8220;est\u00e1n dadas las condiciones como para acortar las diferencias&#8221; que subsisten en el bloque oficialista de la C\u00e1mara baja y lograr que todos sus integrantes &#8220;voten juntos&#8221; el acuerdo alcanzado para renegociar la deuda.<\/p>\n<p>El gobernador de la provincia de Jujuy y titular del Comit\u00e9 Nacional de la UCR, Gerardo Morales, consider\u00f3 en tanto que JxC debe respaldar en el Congreso el entendimiento con FMI, al considerar que los legisladores de la coalici\u00f3n opositora tienen que &#8220;dar qu\u00f3rum&#8221; cuando el tema se debata en ambas c\u00e1maras y &#8220;no impedir&#8221; su aprobaci\u00f3n.<\/p>\n<p>En la coalici\u00f3n opositora, varios dirigentes se mostraron proclives a acompa\u00f1ar el acuerdo y, en ese sentido, la fundadora y principal referente de la Coalici\u00f3n C\u00edvica ARI, la exdiputada Elisa Carri\u00f3, se expres\u00f3 a favor.<\/p>\n<p>Por lo pronto, para tratar los proyectos enviados por el Poder Ejecutivo, deben conformarse las comisiones de Legislaci\u00f3n General, Relaciones Exteriores, Salud, Educaci\u00f3n, Recursos Naturales, Industria, Agricultura, Intereses Mar\u00edtimos, Seguridad Interior, Transporte, Defensa e Intereses Mar\u00edtimos.<\/p>\n<p>En tanto, para constituir las de Asuntos Constitucionales y Justicia a\u00fan hay tiempo para su conformaci\u00f3n, ya que el proyecto tuvo ingreso por el Senado.<\/p>\n<p>Al igual que en el Senado, la comisi\u00f3n de Presupuesto y Hacienda, la que mayor cantidad de proyectos deber\u00e1 abordar en Extraordinarias, se encuentra conformada desde fines de diciembre, cuando trat\u00f3 el proyecto de Presupuesto 2022 y la modificaci\u00f3n del Impuesto a los Bienes Personales.<\/p>\n","protected":false},"excerpt":{"rendered":"<p>Tras la victoria en las elecciones de medio t\u00e9rmino, la oposici\u00f3n reclama la titularidad de algunos grupos de trabajo en el Senado mientras Sergio Massa inici\u00f3 conversaciones con todos los bloques para conformar los de Diputados &nbsp; &nbsp; El di\u00e1logo pol\u00edtico por la integraci\u00f3n de las comisiones qued\u00f3 empantanado en el Senado de la Naci\u00f3n al no producirse un acuerdo entre la bancada del Frente de Todos (FdT) y la de Juntos por el Cambio (JxC) sobre la titularidad de las comisiones que reclama el espacio opositor tras las elecciones&#8230;<\/p>\n","protected":false},"author":3,"featured_media":65328,"comment_status":"closed","ping_status":"closed","sticky":false,"template":"","format":"standard","meta":[],"categories":[9],"tags":[],"_links":{"self":[{"href":"https:\/\/www.actualidadadiario.com\/index.php\/wp-json\/wp\/v2\/posts\/82374"}],"collection":[{"href":"https:\/\/www.actualidadadiario.com\/index.php\/wp-json\/wp\/v2\/posts"}],"about":[{"href":"https:\/\/www.actualidadadiario.com\/index.php\/wp-json\/wp\/v2\/types\/post"}],"author":[{"embeddable":true,"href":"https:\/\/www.actualidadadiario.com\/index.php\/wp-json\/wp\/v2\/users\/3"}],"replies":[{"embeddable":true,"href":"https:\/\/www.actualidadadiario.com\/index.php\/wp-json\/wp\/v2\/comments?post=82374"}],"version-history":[{"count":1,"href":"https:\/\/www.actualidadadiario.com\/index.php\/wp-json\/wp\/v2\/posts\/82374\/revisions"}],"predecessor-version":[{"id":82375,"href":"https:\/\/www.actualidadadiario.com\/index.php\/wp-json\/wp\/v2\/posts\/82374\/revisions\/82375"}],"wp:featuredmedia":[{"embeddable":true,"href":"https:\/\/www.actualidadadiario.com\/index.php\/wp-json\/wp\/v2\/media\/65328"}],"wp:attachment":[{"href":"https:\/\/www.actualidadadiario.com\/index.php\/wp-json\/wp\/v2\/media?parent=82374"}],"wp:term":[{"taxonomy":"category","embeddable":true,"href":"https:\/\/www.actualidadadiario.com\/index.php\/wp-json\/wp\/v2\/categories?post=82374"},{"taxonomy":"post_tag","embeddable":true,"href":"https:\/\/www.actualidadadiario.com\/index.php\/wp-json\/wp\/v2\/tags?post=82374"}],"curies":[{"name":"wp","href":"https:\/\/api.w.org\/{rel}","templated":true}]}}