{"id":8237,"date":"2017-03-10T10:31:51","date_gmt":"2017-03-10T13:31:51","guid":{"rendered":"http:\/\/actualidadadiario.com\/site\/?p=8237"},"modified":"2017-03-10T10:31:51","modified_gmt":"2017-03-10T13:31:51","slug":"planifican-soluciones-habitacionales-para-villa-del-rosario-y-nogoya","status":"publish","type":"post","link":"https:\/\/www.actualidadadiario.com\/index.php\/2017\/03\/10\/planifican-soluciones-habitacionales-para-villa-del-rosario-y-nogoya\/","title":{"rendered":"Planifican soluciones habitacionales para Villa del Rosario y Nogoy\u00e1"},"content":{"rendered":"<p><em><strong>Con el fin de dialogar sobre la pol\u00edtica habitacional y las viviendas que se construyen en ambas localidades, el titular del Instituto Aut\u00e1rquico de Planeamiento y Vivienda (IAPV), Alfredo Francolini, mantuvo sendas reuniones con los intendentes de Villa del Rosario, Gustavo Zandon\u00e1, y de Nogoy\u00e1, Rafael Cavagna<\/strong><\/em><\/p>\n<p>&nbsp;<\/p>\n<p>&nbsp;<\/p>\n<p>&nbsp;<\/p>\n<p>&nbsp;<\/p>\n<p>&nbsp;<\/p>\n<p>Tras el encuentro con el presidente comunal de la localidad el departamento Federaci\u00f3n, que cont\u00f3 con la presencia del vocal del IAPV, Horacio Flores, el presidente del organismo provincial afirm\u00f3 que \u201cdesde el gobierno de Gustavo Bordet se trabaja diariamente para llegar a todos los rincones del territorio entrerriano, con soluciones habitacionales que dignifiquen y mejoren las condiciones de vida de sus habitantes\u201d.<\/p>\n<p>&nbsp;<\/p>\n<p>El funcionario indic\u00f3 que \u201cen Villa del Rosario se encuentran licitadas ocho viviendas y se trabaja con la Secretar\u00eda de Vivienda y H\u00e1bitat de la Naci\u00f3n en la instrumentaci\u00f3n de diferentes programas habitacionales para ayudar a m\u00e1s familias de esta pujante comunidad a cumplir el sue\u00f1o de tener la casa propia, que de otra manera les resultar\u00eda casi imposible alcanzarlo&#8221;.<\/p>\n<p>&nbsp;<\/p>\n<p>Francolini destac\u00f3 \u201cla importancia de la obra p\u00fablica y en particular, la construcci\u00f3n de nuevos grupos habitacionales que generan reactivaci\u00f3n econ\u00f3mica en las diferentes comunidades entrerrianas para que puedan seguir creciendo\u201d.<\/p>\n<p>&nbsp;<\/p>\n<p>Por su parte, el intendente Zandon\u00e1 afirm\u00f3 que \u201cel acceso a una vivienda digna permite afianzar a las familias y criar a sus hijos para que en el futuro sean hombres y mujeres de bien que hagan crecer a esta ciudad y a la provincia\u201d.<\/p>\n<p>&nbsp;<\/p>\n<p>El jefe comunal asegur\u00f3 que \u201cse trabaja en la planificaci\u00f3n de nuevas viviendas que llevar\u00e1n adelante el gobierno nacional y la administraci\u00f3n provincial junto al municipio para dar soluci\u00f3n a la problem\u00e1tica habitacional que tiene la localidad\u201d.<\/p>\n<p>&nbsp;<\/p>\n<p>&nbsp;<\/p>\n<p>&nbsp;<\/p>\n<p><strong>Viviendas para Nogoy\u00e1 <\/strong><\/p>\n<p>En tanto, la terminaci\u00f3n de 36 viviendas y el avance en las gestiones para la construcci\u00f3n de nuevas soluciones habitacionales, fueron los temas abordados durante una reuni\u00f3n de trabajo que mantuvo el presidente del IAPV con el intendente de esa localidad, Rafael Cavagna.<\/p>\n<p>&nbsp;<\/p>\n<p>&nbsp;<\/p>\n<p>El encuentro, que se desarroll\u00f3 en la sede del IAPV, cont\u00f3 con la que presencia del vicepresidente de la repartici\u00f3n, Marcelo B\u00e1ez.<\/p>\n<p>&nbsp;<\/p>\n<p>El titular del organismo, Alfredo Francolini, dijo que \u201ctiene un gran avance la ejecuci\u00f3n de 36 nuevas viviendas en esta comunidad, que en poco tiempo m\u00e1s podr\u00e1n hacer realidad el acceso a la casa propia\u201d.<\/p>\n<p>&nbsp;<\/p>\n<p>El funcionario destac\u00f3 \u201cla tarea que viene realizando el gobernador Gustavo Bordet, trabajando de manera articulada con el gobierno nacional a trav\u00e9s de la Secretar\u00eda de Vivienda y H\u00e1bitat y los municipios entrerrianos para que cada vez m\u00e1s habitantes sean los beneficiados y puedan cumplir con el sue\u00f1o de tener un techo propio\u201d.<\/p>\n<p>&nbsp;<\/p>\n<p>Francolini resalt\u00f3 \u201cel efecto multiplicador que tiene la construcci\u00f3n de viviendas en la generaci\u00f3n de empleos directos e indirectos y su consecuente impacto en la actividad comercial en las distintas localidades donde se ejecuten los programas habitacionales\u201d.<\/p>\n<p>&nbsp;<\/p>\n<p>Por su parte, el intendente Rafael Cavagna expres\u00f3 que \u201cestamos trabajando con las autoridades del IAPV para ejecutar nuevas viviendas para que nuestros habitantes puedan tener un hogar digno para poder asegurarles bienestar y prosperidad a sus hijos\u201d.<\/p>\n<p>&nbsp;<\/p>\n<p>El jefe comunal se\u00f1al\u00f3 que la ejecuci\u00f3n de nuevas soluciones habitacionales en nuestra localidad tendr\u00e1 un alto impacto en la generaci\u00f3n de empleo y la multiplicaci\u00f3n de la demanda de mano de obra\u201d.<\/p>\n","protected":false},"excerpt":{"rendered":"<p>Con el fin de dialogar sobre la pol\u00edtica habitacional y las viviendas que se construyen en ambas localidades, el titular del Instituto Aut\u00e1rquico de Planeamiento y Vivienda (IAPV), Alfredo Francolini, mantuvo sendas reuniones con los intendentes de Villa del Rosario, Gustavo Zandon\u00e1, y de Nogoy\u00e1, Rafael Cavagna &nbsp; &nbsp; &nbsp; &nbsp; &nbsp; Tras el encuentro con el presidente comunal de la localidad el departamento Federaci\u00f3n, que cont\u00f3 con la presencia del vocal del IAPV, Horacio Flores, el presidente del organismo provincial afirm\u00f3 que \u201cdesde el gobierno de Gustavo Bordet se&#8230;<\/p>\n","protected":false},"author":3,"featured_media":8238,"comment_status":"closed","ping_status":"closed","sticky":false,"template":"","format":"standard","meta":[],"categories":[15],"tags":[],"_links":{"self":[{"href":"https:\/\/www.actualidadadiario.com\/index.php\/wp-json\/wp\/v2\/posts\/8237"}],"collection":[{"href":"https:\/\/www.actualidadadiario.com\/index.php\/wp-json\/wp\/v2\/posts"}],"about":[{"href":"https:\/\/www.actualidadadiario.com\/index.php\/wp-json\/wp\/v2\/types\/post"}],"author":[{"embeddable":true,"href":"https:\/\/www.actualidadadiario.com\/index.php\/wp-json\/wp\/v2\/users\/3"}],"replies":[{"embeddable":true,"href":"https:\/\/www.actualidadadiario.com\/index.php\/wp-json\/wp\/v2\/comments?post=8237"}],"version-history":[{"count":1,"href":"https:\/\/www.actualidadadiario.com\/index.php\/wp-json\/wp\/v2\/posts\/8237\/revisions"}],"predecessor-version":[{"id":8239,"href":"https:\/\/www.actualidadadiario.com\/index.php\/wp-json\/wp\/v2\/posts\/8237\/revisions\/8239"}],"wp:featuredmedia":[{"embeddable":true,"href":"https:\/\/www.actualidadadiario.com\/index.php\/wp-json\/wp\/v2\/media\/8238"}],"wp:attachment":[{"href":"https:\/\/www.actualidadadiario.com\/index.php\/wp-json\/wp\/v2\/media?parent=8237"}],"wp:term":[{"taxonomy":"category","embeddable":true,"href":"https:\/\/www.actualidadadiario.com\/index.php\/wp-json\/wp\/v2\/categories?post=8237"},{"taxonomy":"post_tag","embeddable":true,"href":"https:\/\/www.actualidadadiario.com\/index.php\/wp-json\/wp\/v2\/tags?post=8237"}],"curies":[{"name":"wp","href":"https:\/\/api.w.org\/{rel}","templated":true}]}}