{"id":82364,"date":"2022-02-14T13:03:29","date_gmt":"2022-02-14T16:03:29","guid":{"rendered":"https:\/\/www.actualidadadiario.com\/?p=82364"},"modified":"2022-02-14T13:03:29","modified_gmt":"2022-02-14T16:03:29","slug":"incendios-en-corrientes-calculan-que-el-fuego-ya-afecto-a-casi-el-6-del-territorio-provincial","status":"publish","type":"post","link":"https:\/\/www.actualidadadiario.com\/index.php\/2022\/02\/14\/incendios-en-corrientes-calculan-que-el-fuego-ya-afecto-a-casi-el-6-del-territorio-provincial\/","title":{"rendered":"Incendios en Corrientes: calculan que el fuego ya afect\u00f3 a casi el 6% del territorio provincial"},"content":{"rendered":"<p style=\"text-align: center;\"><em><strong>El dato surge de un informe elaborado por expertos del INTA a partir de im\u00e1genes satelitales. De mitad de enero a febrero, la superficie quemada aument\u00f3 m\u00e1s de seis veces: de 80 mil hect\u00e1reas da\u00f1adas a casi 519 mil<\/strong><\/em><\/p>\n<p>&nbsp;<\/p>\n<p>&nbsp;<\/p>\n<p>La sequ\u00eda y los incendios no dan tregua en Corrientes. De acuerdo a un informe elaborado por expertos del Instituto Nacional de Tecnolog\u00eda Agropecuaria (INTA), el fuego -que se expandi\u00f3 con velocidad en el \u00faltimo mes, potenciado por la importante sequ\u00eda que afecta al litoral- afect\u00f3 ya en total a m\u00e1s de 500 mil hect\u00e1reas, lo que representa el 5,88 % del territorio provincial.<\/p>\n<p>En un documento publicado el viernes \u00faltimo, los t\u00e9cnicos del INTA Griselda Saucedo, Ruth Perucca y Ditmar Kurtz se\u00f1alaron que, desde mediados de enero hasta ahora, el \u00e1rea afectada por los incendios rurales se increment\u00f3 m\u00e1s de seis veces: de 80.406 hect\u00e1reas quemadas pasaron a ser 518.965 en total.<\/p>\n<p>En los \u00faltimos d\u00edas, las entidades integrantes de la Mesa de Enlace Agropecuaria estimaron una cifra similar y advirtieron que a ese n\u00famero \u201chay que sumarle las cuantiosas p\u00e9rdidas por la sequ\u00eda y da\u00f1os irreparables que hoy no se pueden calcular\u201d. S\u00f3lo en Corrientes, calcularon, hay al menos 380.000 hect\u00e1reas productivas quemadas -de las producciones forestal, ganadera, tabaco, agricultura, yerbatera, citr\u00edcola, algodonera, bananera, entre otras- con p\u00e9rdidas de m\u00e1s de 25.000 millones de pesos.<\/p>\n<p>El mi\u00e9rcoles, el ministro de Agricultura, Juli\u00e1n Dom\u00ednguez, visit\u00f3 Corrientes para dialogar con peque\u00f1os productores afectados por los incendios y la sequ\u00eda e interiorizarse sobre la situaci\u00f3n productiva. Un d\u00eda antes el Gobierno hab\u00eda anunciado la asistencia por 200 millones de pesos como adelanto a los fondos consignados tras la declaraci\u00f3n de la Emergencia Agropecuaria.<\/p>\n<p>El fuego, que afecta en particular el centro-norte de la provincia, est\u00e1 repartido en varios focos de diversa magnitud, con mayor intensidad en este momento en San Miguel, Concepci\u00f3n III, Curuz\u00fa Cuat\u00eda, Mburucuy\u00e1, San Luis del Palmar, Ber\u00f3n de Astrada, Ituzaing\u00f3, Bella Vista y Santo Tom\u00e9.<\/p>\n<p>\u201cLa situaci\u00f3n sigue siendo complicada. Seguimos con focos de incendio repartidos en distintos lugares de la geograf\u00eda provincial, con distinta intensidad, pero la mayor\u00eda bastante importantes\u201d, explic\u00f3 esta ma\u00f1ana Eulogio M\u00e1rquez, director de Defensa Civil de Corrientes, en di\u00e1logo con el canal TN.<\/p>\n<p>\u201cD\u00edas atr\u00e1s, en el departamento de Mercedes hubo que trabajar intensamente para evitar que el fuego llegara a las viviendas. Obviamente esa es una de las grandes prioridades: la defensa de la vida y la vivienda\u201d, agreg\u00f3. \u201cAhora tenemos dos focos importantes en el departamento de San Miguel. Ya se termin\u00f3 de trabajar en la localidad de Loreto y quedan focos forestales en San Antonio, en Santa Julia y tambi\u00e9n uno muy importante en Ituzaing\u00f3, donde se est\u00e1 trabajando para evitar que el fuego se propague a viviendas y la zona industrial\u201d.<\/p>\n<p>Para combatir las llamas, el Servicio Nacional de Manejo del Fuego (SNMF), que depende del Ministerio de Ambiente y Desarrollo Sustentable anunci\u00f3 el env\u00edo de 5 aviones hidrantes y 1 helic\u00f3ptero junto a 123 brigadistas y personal de apoyo, dos autobombas con equipamiento, m\u00e1quinas pesadas y m\u00f3viles de apoyo.<\/p>\n<p>\u201cLa base de operaciones nuestra son los cuarteles, que son 47 y 1.298 bomberos voluntarios, de los cuales 398 son mujeres. Tambi\u00e9n contamos con 3 aviones que ha alquilado el gobierno de la provincia de Corrientes, 4 hidrantes provistos por el SNMF y en el d\u00eda de la fecha ha llegado un helic\u00f3ptero tambi\u00e9n que ya est\u00e1 trabajando en Ituzaing\u00f3\u201d, explic\u00f3 M\u00e1rquez.<\/p>\n<p>\u201cL\u00f3gicamente el cansancio va haciendo mella. Por eso se trabaja por turnos rotativos. Como no es un gran incendio concentrado en un s\u00f3lo lugar de la provincia sino en varios lugares esto permite que trabajen en conjunto los cuarteles\u201d, continu\u00f3.<\/p>\n<p>El pron\u00f3stico del tiempo, que no anuncia probabilidad de lluvias para esta semana, complica la situaci\u00f3n. \u201cEl incremento de las temperaturas no ayuda en absoluto, m\u00e1s dada la situaci\u00f3n de la seca que estamos viviendo\u201d, explic\u00f3 el experto. \u201cSe sigue trabajando para intentar controlar los incendios, al menos la mayor\u00eda de ellos, se va a seguir trabajando con todos los recursos materiales y humanos que haya\u201d, a\u00f1adi\u00f3.<\/p>\n<p>Corrientes no es la \u00fanica afectada por los incendios y la sequ\u00eda. La provincia de Misiones arrastra un per\u00edodo seco que lleva casi 3 meses, sumado a que el 2021 fue el a\u00f1o con menos lluvias registradas de las \u00faltimas 5 d\u00e9cadas. El mismo fen\u00f3meno clim\u00e1tico afect\u00f3 al 90% de las hect\u00e1reas productivas de Entre R\u00edos con \u201cp\u00e9rdidas econ\u00f3micas en su diversidad productiva\u201d. En Chaco y Formosa la sequ\u00eda \u201cpeg\u00f3 fuerte en la actividad ganadera y en la zona agr\u00edcola donde los rendimientos ser\u00e1n inferiores a los estimados\u201d, dijeron por \u00faltimo.<\/p>\n<p>En los \u00faltimos d\u00edas fueron contenidos los incendios en Alumin\u00e9 (Neuqu\u00e9n), Guaran\u00ed (Misiones), San Ignacio (Misiones), Concepci\u00f3n II (Corrientes) y Mercedes (Corrientes), seg\u00fan inform\u00f3 el SNMF.<\/p>\n<p>En R\u00edo Negro, en tanto, el \u00fanico foco activo se desarrolla en Bariloche (Complejo Lago Mart\u00edn), en donde se despleg\u00f3 un operativo con 66 brigadistas y personal de apoyo, 4 aviones (3 hidrantes y 1 observador) y 3 helic\u00f3pteros que operan desde las bases de Bariloche y El Bols\u00f3n, un cami\u00f3n de carga, un m\u00f3vil de log\u00edstica, una embarcaci\u00f3n y m\u00f3viles de apoyo.<\/p>\n","protected":false},"excerpt":{"rendered":"<p>El dato surge de un informe elaborado por expertos del INTA a partir de im\u00e1genes satelitales. De mitad de enero a febrero, la superficie quemada aument\u00f3 m\u00e1s de seis veces: de 80 mil hect\u00e1reas da\u00f1adas a casi 519 mil &nbsp; &nbsp; La sequ\u00eda y los incendios no dan tregua en Corrientes. De acuerdo a un informe elaborado por expertos del Instituto Nacional de Tecnolog\u00eda Agropecuaria (INTA), el fuego -que se expandi\u00f3 con velocidad en el \u00faltimo mes, potenciado por la importante sequ\u00eda que afecta al litoral- afect\u00f3 ya en total&#8230;<\/p>\n","protected":false},"author":3,"featured_media":82365,"comment_status":"closed","ping_status":"closed","sticky":false,"template":"","format":"standard","meta":[],"categories":[2],"tags":[],"_links":{"self":[{"href":"https:\/\/www.actualidadadiario.com\/index.php\/wp-json\/wp\/v2\/posts\/82364"}],"collection":[{"href":"https:\/\/www.actualidadadiario.com\/index.php\/wp-json\/wp\/v2\/posts"}],"about":[{"href":"https:\/\/www.actualidadadiario.com\/index.php\/wp-json\/wp\/v2\/types\/post"}],"author":[{"embeddable":true,"href":"https:\/\/www.actualidadadiario.com\/index.php\/wp-json\/wp\/v2\/users\/3"}],"replies":[{"embeddable":true,"href":"https:\/\/www.actualidadadiario.com\/index.php\/wp-json\/wp\/v2\/comments?post=82364"}],"version-history":[{"count":1,"href":"https:\/\/www.actualidadadiario.com\/index.php\/wp-json\/wp\/v2\/posts\/82364\/revisions"}],"predecessor-version":[{"id":82366,"href":"https:\/\/www.actualidadadiario.com\/index.php\/wp-json\/wp\/v2\/posts\/82364\/revisions\/82366"}],"wp:featuredmedia":[{"embeddable":true,"href":"https:\/\/www.actualidadadiario.com\/index.php\/wp-json\/wp\/v2\/media\/82365"}],"wp:attachment":[{"href":"https:\/\/www.actualidadadiario.com\/index.php\/wp-json\/wp\/v2\/media?parent=82364"}],"wp:term":[{"taxonomy":"category","embeddable":true,"href":"https:\/\/www.actualidadadiario.com\/index.php\/wp-json\/wp\/v2\/categories?post=82364"},{"taxonomy":"post_tag","embeddable":true,"href":"https:\/\/www.actualidadadiario.com\/index.php\/wp-json\/wp\/v2\/tags?post=82364"}],"curies":[{"name":"wp","href":"https:\/\/api.w.org\/{rel}","templated":true}]}}