{"id":82347,"date":"2022-02-10T12:58:08","date_gmt":"2022-02-10T15:58:08","guid":{"rendered":"https:\/\/www.actualidadadiario.com\/?p=82347"},"modified":"2022-02-10T12:58:08","modified_gmt":"2022-02-10T15:58:08","slug":"parana-sera-sede-del-primer-juicio-por-jurados-del-2022","status":"publish","type":"post","link":"https:\/\/www.actualidadadiario.com\/index.php\/2022\/02\/10\/parana-sera-sede-del-primer-juicio-por-jurados-del-2022\/","title":{"rendered":"Paran\u00e1 ser\u00e1 sede del primer Juicio por Jurados del 2022"},"content":{"rendered":"<p style=\"text-align: center;\"><em><strong>La audiencia voir dire de selecci\u00f3n del jurado ser\u00e1 el viernes 11 desde las 9. Las audiencias del debate comenzar\u00e1n el lunes 14 a las 9 y se extender\u00e1n hasta el 16 de febrero. El juicio se realizar\u00e1 en el Sal\u00f3n de la Facultad de Ciencias Econ\u00f3micas de la Universidad Nacional de Entre R\u00edos (UNER), de la capital entrerriana<\/strong><\/em><\/p>\n<p>&nbsp;<\/p>\n<p>&nbsp;<\/p>\n<p>Las audiencias presididas por el juez t\u00e9cnico Rafael Cotorruelo, ser\u00e1n en el marco del legajo N\u00ba 14356 \u201cSotelo, Pedro Mario s\/homicidio simple, amenazas calificadas en concurso real\u201d.<\/p>\n<p>El Ministerio P\u00fablico Fiscal estar\u00e1 representado por el fiscal coordinador Ignacio Aramberry y el fiscal auxiliar Martin Wasinger, en tanto que los abogados H\u00e9ctor Toloy y Boris Cohen ejercer\u00e1n la defensa t\u00e9cnica del imputado.<\/p>\n<p>La audiencia de selecci\u00f3n del jurado se efectuar\u00e1 el viernes, a partir de las 9. Seg\u00fan lo dispuesto por la Ley 10.747, que reglament\u00f3 el juicio por jurados, deber\u00e1n elegirse 12 titulares y 4 suplentes, divididos en mitades y por g\u00e9nero.<\/p>\n<p>El debate comenzar\u00e1 el lunes, desde las 9, y ser\u00e1 transmitido en vivo y en directo por el canal de YouTube de Juicio por Jurados del Servicio de Informaci\u00f3n y Comunicaci\u00f3n (SIC) del Superior Tribunal de Justicia (STJ), al que puede accederse a trav\u00e9s de la p\u00e1gina web del Poder Judicial www.jusentrerios.gov.ar<\/p>\n<p>&nbsp;<\/p>\n<p><strong>El caso<\/strong><\/p>\n<p>El 16 de noviembre de 2019 por la ma\u00f1ana Pedro Mario Sotelo se hizo presente en la casa de la familia Godoy, para reclamarles por la sustracci\u00f3n de un porcino. Ese mismo d\u00eda por la noche, luego de una discusi\u00f3n, Mat\u00edas Ariel Godoy falleci\u00f3 a causa de un disparo de arma de fuego en la Villa 351.<\/p>\n","protected":false},"excerpt":{"rendered":"<p>La audiencia voir dire de selecci\u00f3n del jurado ser\u00e1 el viernes 11 desde las 9. Las audiencias del debate comenzar\u00e1n el lunes 14 a las 9 y se extender\u00e1n hasta el 16 de febrero. El juicio se realizar\u00e1 en el Sal\u00f3n de la Facultad de Ciencias Econ\u00f3micas de la Universidad Nacional de Entre R\u00edos (UNER), de la capital entrerriana &nbsp; &nbsp; Las audiencias presididas por el juez t\u00e9cnico Rafael Cotorruelo, ser\u00e1n en el marco del legajo N\u00ba 14356 \u201cSotelo, Pedro Mario s\/homicidio simple, amenazas calificadas en concurso real\u201d. El Ministerio&#8230;<\/p>\n","protected":false},"author":3,"featured_media":17056,"comment_status":"closed","ping_status":"closed","sticky":false,"template":"","format":"standard","meta":[],"categories":[15],"tags":[],"_links":{"self":[{"href":"https:\/\/www.actualidadadiario.com\/index.php\/wp-json\/wp\/v2\/posts\/82347"}],"collection":[{"href":"https:\/\/www.actualidadadiario.com\/index.php\/wp-json\/wp\/v2\/posts"}],"about":[{"href":"https:\/\/www.actualidadadiario.com\/index.php\/wp-json\/wp\/v2\/types\/post"}],"author":[{"embeddable":true,"href":"https:\/\/www.actualidadadiario.com\/index.php\/wp-json\/wp\/v2\/users\/3"}],"replies":[{"embeddable":true,"href":"https:\/\/www.actualidadadiario.com\/index.php\/wp-json\/wp\/v2\/comments?post=82347"}],"version-history":[{"count":1,"href":"https:\/\/www.actualidadadiario.com\/index.php\/wp-json\/wp\/v2\/posts\/82347\/revisions"}],"predecessor-version":[{"id":82348,"href":"https:\/\/www.actualidadadiario.com\/index.php\/wp-json\/wp\/v2\/posts\/82347\/revisions\/82348"}],"wp:featuredmedia":[{"embeddable":true,"href":"https:\/\/www.actualidadadiario.com\/index.php\/wp-json\/wp\/v2\/media\/17056"}],"wp:attachment":[{"href":"https:\/\/www.actualidadadiario.com\/index.php\/wp-json\/wp\/v2\/media?parent=82347"}],"wp:term":[{"taxonomy":"category","embeddable":true,"href":"https:\/\/www.actualidadadiario.com\/index.php\/wp-json\/wp\/v2\/categories?post=82347"},{"taxonomy":"post_tag","embeddable":true,"href":"https:\/\/www.actualidadadiario.com\/index.php\/wp-json\/wp\/v2\/tags?post=82347"}],"curies":[{"name":"wp","href":"https:\/\/api.w.org\/{rel}","templated":true}]}}