{"id":82344,"date":"2022-02-10T12:57:22","date_gmt":"2022-02-10T15:57:22","guid":{"rendered":"https:\/\/www.actualidadadiario.com\/?p=82344"},"modified":"2022-02-10T12:57:22","modified_gmt":"2022-02-10T15:57:22","slug":"el-ministerio-de-salud-de-la-nacion-emitio-un-alerta-por-un-brote-de-fiebre-q-en-un-frigorifico-de-la-provincia","status":"publish","type":"post","link":"https:\/\/www.actualidadadiario.com\/index.php\/2022\/02\/10\/el-ministerio-de-salud-de-la-nacion-emitio-un-alerta-por-un-brote-de-fiebre-q-en-un-frigorifico-de-la-provincia\/","title":{"rendered":"El Ministerio de Salud de la Naci\u00f3n emiti\u00f3 un alerta por un brote de Fiebre Q en un frigor\u00edfico de la provincia"},"content":{"rendered":"<p style=\"text-align: center;\"><em><strong>Diez trabajadores fueron hospitalizados y el Ministerio de Salud de la Naci\u00f3n emiti\u00f3 una alerta epidemiol\u00f3gica. De qu\u00e9 se trata la enfermedad<\/strong><\/em><\/p>\n<p>&nbsp;<\/p>\n<p>&nbsp;<\/p>\n<p>El Ministerio de Salud de la Naci\u00f3n emiti\u00f3 una alerta epidemiol\u00f3gica por un brote de Fiebre Q en un frigor\u00edfico en la ciudad de Diamante, en Entre R\u00edos. Tras presentar s\u00edntomas, 10 de los 11 trabajadores contagiados debieron ser hospitalizados, aunque todos se recuperaron favorablemente.<\/p>\n<p>Se trata de un estudio de campo que se llev\u00f3 a cabo en el mes de noviembre del 2021, es decir, en la semana epidemiol\u00f3gica 45.<\/p>\n<p>El brote de Fiebre Q lo provoc\u00f3 el cierre de una campana de ventilaci\u00f3n en el ambiente de trabajo compartido por todos los trabajadores que se contagiaron, seg\u00fan inform\u00f3 la cartera sanitaria nacional en un comunicado.<\/p>\n<p>Todos los afectados mostraron una \u201cevoluci\u00f3n favorable luego de recibir tratamiento antibi\u00f3tico con diferentes esquemas terap\u00e9uticos\u201d. Los 11 empleados contagiados presentaron s\u00edntomas con cuadros de cefalea (64%), mialgias (64%), fiebre (55%) y tos (37%). En el 36% de los casos, el diagn\u00f3stico m\u00e9dico fue neumon\u00eda.<\/p>\n<p>Las autoridades nacionales determinaron que la enfermedad comenz\u00f3 a desarrollarse luego del contacto directo con tejidos y fluidos animales, adem\u00e1s del \u201cdeficiente uso de equipos de protecci\u00f3n personal e insuficiente ventilaci\u00f3n de algunos sectores de faena\u201d.<\/p>\n<p>Adem\u00e1s, las condiciones de humedad y las potenciales zonas donde podr\u00edan acumularse fluidos tambi\u00e9n influyeron en la dispersi\u00f3n de esta enfermedad, teniendo en cuenta que todas las personas afectadas trabajan en la misma \u00e1rea de faenado de carne vacuna y de cerdo.<\/p>\n<p>En todos los casos, el diagn\u00f3stico fue confirmado por el Instituto Nacional de Enfermedades Infecciosas (INEI) del Instituto ANLIS Malbr\u00e1n.<\/p>\n<p>&nbsp;<\/p>\n<p><strong>Qu\u00e9 es la \u201cFiebre Q\u201d<\/strong><\/p>\n<p>Es una enfermedad infecciosa, zoon\u00f3tica y altamente contagiosa presente en varios pa\u00edses del mundo de la que se desconoce su prevalencia en Argentina. Los trabajadores rurales, veterinarios y ganaderos constituyen las principales poblaciones de riesgo.<\/p>\n<p>La Fiebre Q puede causar diferentes manifestaciones cl\u00ednicas, desde formas asintom\u00e1ticas, o cuadros cl\u00ednicos de diferente gravedad. Las personas que se enferman gravemente pueden presentar neumon\u00eda o hepatitis.<\/p>\n<p>Las mujeres que se infectan durante el embarazo pueden estar en riesgo de tener aborto espont\u00e1neo o un parto prematuro. \u201cEn un bajo porcentaje puede presentarse la forma cr\u00f3nica de Fiebre Q meses o a\u00f1os despu\u00e9s de la infecci\u00f3n inicial, que generalmente se manifiesta como endocarditis o hepatitis granulomatosa\u201d, explicaron desde el Ministerio de Salud nacional.<\/p>\n<p>&nbsp;<\/p>\n<p><strong>C\u00f3mo se contagia la Fiebre Q<\/strong><\/p>\n<p>La bacteria Coxiella burnetii es la causante de esta enfermedad. Las personas se pueden infectar al inhalar el polvo contaminado por las heces, la orina, la leche y los tejidos placentarios y l\u00edquidos durante el parto y abortos de animales, que contienen esta bacteria.<\/p>\n<p>Otras v\u00edas de transmisi\u00f3n son el consumo de productos l\u00e1cteos no pasteurizados que est\u00e9n contaminados. Tambi\u00e9n puede haber contaminaci\u00f3n por contacto directo con animales infectados y otros materiales contaminados como lana, paja, ropa.<\/p>\n<p>La bacteria Coxiella burnetii puede estar presente en ovinos, caprinos, bovinos, tambi\u00e9n se describe en gatos, perros, aves y otros animales silvestres, habitualmente sin presentar signos.<\/p>\n<p>Es muy poco frecuente la trasmisi\u00f3n de la Fiebre Q por contacto persona a persona (parto, lactancia materna, contacto sexual y por v\u00eda transplacentaria). En los \u00faltimos a\u00f1os se han registrado algunos casos por mordedura de garrapata.<\/p>\n<p>En los casos moderados, el tratamiento a seguir consiste en la ingesta de antibi\u00f3ticos (ampicilina, ampicilina\/sulbactam y doxiciclina) recetados por un profesional de la salud, durante 14 a 21 d\u00edas.<\/p>\n","protected":false},"excerpt":{"rendered":"<p>Diez trabajadores fueron hospitalizados y el Ministerio de Salud de la Naci\u00f3n emiti\u00f3 una alerta epidemiol\u00f3gica. De qu\u00e9 se trata la enfermedad &nbsp; &nbsp; El Ministerio de Salud de la Naci\u00f3n emiti\u00f3 una alerta epidemiol\u00f3gica por un brote de Fiebre Q en un frigor\u00edfico en la ciudad de Diamante, en Entre R\u00edos. Tras presentar s\u00edntomas, 10 de los 11 trabajadores contagiados debieron ser hospitalizados, aunque todos se recuperaron favorablemente. Se trata de un estudio de campo que se llev\u00f3 a cabo en el mes de noviembre del 2021, es decir,&#8230;<\/p>\n","protected":false},"author":3,"featured_media":82345,"comment_status":"closed","ping_status":"closed","sticky":false,"template":"","format":"standard","meta":[],"categories":[9,15],"tags":[],"_links":{"self":[{"href":"https:\/\/www.actualidadadiario.com\/index.php\/wp-json\/wp\/v2\/posts\/82344"}],"collection":[{"href":"https:\/\/www.actualidadadiario.com\/index.php\/wp-json\/wp\/v2\/posts"}],"about":[{"href":"https:\/\/www.actualidadadiario.com\/index.php\/wp-json\/wp\/v2\/types\/post"}],"author":[{"embeddable":true,"href":"https:\/\/www.actualidadadiario.com\/index.php\/wp-json\/wp\/v2\/users\/3"}],"replies":[{"embeddable":true,"href":"https:\/\/www.actualidadadiario.com\/index.php\/wp-json\/wp\/v2\/comments?post=82344"}],"version-history":[{"count":1,"href":"https:\/\/www.actualidadadiario.com\/index.php\/wp-json\/wp\/v2\/posts\/82344\/revisions"}],"predecessor-version":[{"id":82346,"href":"https:\/\/www.actualidadadiario.com\/index.php\/wp-json\/wp\/v2\/posts\/82344\/revisions\/82346"}],"wp:featuredmedia":[{"embeddable":true,"href":"https:\/\/www.actualidadadiario.com\/index.php\/wp-json\/wp\/v2\/media\/82345"}],"wp:attachment":[{"href":"https:\/\/www.actualidadadiario.com\/index.php\/wp-json\/wp\/v2\/media?parent=82344"}],"wp:term":[{"taxonomy":"category","embeddable":true,"href":"https:\/\/www.actualidadadiario.com\/index.php\/wp-json\/wp\/v2\/categories?post=82344"},{"taxonomy":"post_tag","embeddable":true,"href":"https:\/\/www.actualidadadiario.com\/index.php\/wp-json\/wp\/v2\/tags?post=82344"}],"curies":[{"name":"wp","href":"https:\/\/api.w.org\/{rel}","templated":true}]}}