{"id":82339,"date":"2022-02-10T12:55:41","date_gmt":"2022-02-10T15:55:41","guid":{"rendered":"https:\/\/www.actualidadadiario.com\/?p=82339"},"modified":"2022-02-10T12:55:41","modified_gmt":"2022-02-10T15:55:41","slug":"casaretto-confirmo-que-el-frente-de-todos-acompanara-el-acuerdo-con-el-fmi","status":"publish","type":"post","link":"https:\/\/www.actualidadadiario.com\/index.php\/2022\/02\/10\/casaretto-confirmo-que-el-frente-de-todos-acompanara-el-acuerdo-con-el-fmi\/","title":{"rendered":"Casaretto confirm\u00f3 que el Frente de Todos acompa\u00f1ar\u00e1 el acuerdo con el FMI"},"content":{"rendered":"<p style=\"text-align: center;\"><em><strong>El diputado nacional por Entre R\u00edos, Marcelo Casaretto (Frente de Todos), analiz\u00f3 el acuerdo con el Fondo Monetario Internacional (FMI) y advirti\u00f3 que \u201cdebe ser ley antes de marzo\u201d. Por otro lado, se refiri\u00f3 a la renuncia de M\u00e1ximo: \u201cEs su decisi\u00f3n, pero no la comparto\u201d<\/strong><\/em><\/p>\n<p>&nbsp;<\/p>\n<p>&nbsp;<\/p>\n<p>El diputado nacional adelant\u00f3 que el bloque acompa\u00f1ar\u00e1 el acuerdo que el Gobierno nacional alcanz\u00f3 con el Fondo por la deuda contra\u00edda durante la gesti\u00f3n de Mauricio Macri.<\/p>\n<p>En declaraciones a Radio Nacional, el diputado oficialista sostuvo: \u201cLa Argentina tiene una deuda de 45 mil millones de d\u00f3lares con el Fondo Monetario contra\u00edda por el gobierno de (Mauricio) Macri. En ese marco tenemos vencimientos de 19 mil millones de d\u00f3lares este a\u00f1o y 20 mil millones el a\u00f1o que viene lo cual era imposible de pagar en las condiciones pactadas por eso hay que negociar con el FMI porque es una necesidad de la Argentina. Tenemos que respaldar al presidente y al ministro de Econom\u00eda y aprobar ese acuerdo que es lo mejor que se pudo obtener tras dos a\u00f1os de negociaci\u00f3n\u201d.<\/p>\n<p>\u201cJuntos por el Cambio es un interbloque y son 10 bloques diferentes y en la mayor\u00eda de los casos han votado todos separados, la \u00fanica vez que votaron todos juntos fue para rechazar el presupuesto 2022 una actitud totalmente irresponsable\u201d, critic\u00f3 y se\u00f1al\u00f3: \u201cVeo que hay distintas posiciones, algunos que plantean votar o no de acuerdo a lo que haga el oficialismo y otros que piensan en acompa\u00f1ar\u201d.<\/p>\n<p>En ese sentido, Casaretto aclar\u00f3: \u201cM\u00e1s all\u00e1 de los matices, nosotros en el Frente de Todos vamos a acompa\u00f1ar el acuerdo con el FMI, habr\u00e1 voces disidentes. Seguramente nos van apegar por derecha y por izquierda hacia dentro de nuestra coalici\u00f3n y de la principal oposici\u00f3n, pero tiene que ser ley antes del 21 de marzo\u201d.<\/p>\n<p>Consultado por la renuncia de M\u00e1ximo, opin\u00f3: \u201cRespeto la decisi\u00f3n, pero no la comparto. Cuando nosotros elegimos la responsabilidad de Alberto (Fern\u00e1ndez) presidente de la Naci\u00f3n claramente \u00e9l tiene las facultades para avanzar en un acuerdo. Cada uno tiene que tener su responsabilidad porque en el Congreso se vota por s\u00ed o por no. Hay que denunciar que la deuda la tom\u00f3 Macri, pero la seguimos teniendo\u201d.<\/p>\n<p>\u201cHab\u00eda que hacer planteaos ante organismos internacionales, desde el punto de vista pol\u00edtico podes decir lo que quieras, pero finalmente la deuda esta y hay un principio de acuerdo entre el Ejecutivo y el Fondo\u201d, agreg\u00f3 y ratific\u00f3: \u201cCreo que, respetando los matices, el Frente de Todos tiene que respaldar el acuerdo. Nosotros no somos una fuerza testimonial, somos la coalici\u00f3n de Gobierno\u201d.<\/p>\n<p>\u201cNosotros tenemos que tener relaciones multilaterales con los Estados Unidos, con Rusia, con China, con otros pa\u00edses, pero tenemos que avanzar con seriedad y responsabilidad\u201d, remarc\u00f3 y cerr\u00f3: \u201cLa argentina creci\u00f3 un 10,3% el a\u00f1o pasado, creci\u00f3 un 42% en sus exportaciones, son las terceras exportaciones r\u00e9cord en Argentina, tenemos que resolver los problemas de los argentinos para eso nos votaron\u201d.<\/p>\n<p>Por \u00faltimo, habl\u00f3 sobre las sesiones extraordinarias y la tardanza en que se lleven a cabo: \u201cNo es f\u00e1cil, nosotros no tenemos qu\u00f3rum y ser\u00e1 tarea del presidente de la C\u00e1mara tratar de generar una mayor\u00eda tendiente a obtener qu\u00f3rum para avanzar en estas leyes. Hay 18 temas, pero no significa que se traten todos capaz se debatan 1 o 2 o ninguno\u201d.<\/p>\n","protected":false},"excerpt":{"rendered":"<p>El diputado nacional por Entre R\u00edos, Marcelo Casaretto (Frente de Todos), analiz\u00f3 el acuerdo con el Fondo Monetario Internacional (FMI) y advirti\u00f3 que \u201cdebe ser ley antes de marzo\u201d. Por otro lado, se refiri\u00f3 a la renuncia de M\u00e1ximo: \u201cEs su decisi\u00f3n, pero no la comparto\u201d &nbsp; &nbsp; El diputado nacional adelant\u00f3 que el bloque acompa\u00f1ar\u00e1 el acuerdo que el Gobierno nacional alcanz\u00f3 con el Fondo por la deuda contra\u00edda durante la gesti\u00f3n de Mauricio Macri. En declaraciones a Radio Nacional, el diputado oficialista sostuvo: \u201cLa Argentina tiene una deuda&#8230;<\/p>\n","protected":false},"author":3,"featured_media":82340,"comment_status":"closed","ping_status":"closed","sticky":false,"template":"","format":"standard","meta":[],"categories":[15],"tags":[],"_links":{"self":[{"href":"https:\/\/www.actualidadadiario.com\/index.php\/wp-json\/wp\/v2\/posts\/82339"}],"collection":[{"href":"https:\/\/www.actualidadadiario.com\/index.php\/wp-json\/wp\/v2\/posts"}],"about":[{"href":"https:\/\/www.actualidadadiario.com\/index.php\/wp-json\/wp\/v2\/types\/post"}],"author":[{"embeddable":true,"href":"https:\/\/www.actualidadadiario.com\/index.php\/wp-json\/wp\/v2\/users\/3"}],"replies":[{"embeddable":true,"href":"https:\/\/www.actualidadadiario.com\/index.php\/wp-json\/wp\/v2\/comments?post=82339"}],"version-history":[{"count":1,"href":"https:\/\/www.actualidadadiario.com\/index.php\/wp-json\/wp\/v2\/posts\/82339\/revisions"}],"predecessor-version":[{"id":82341,"href":"https:\/\/www.actualidadadiario.com\/index.php\/wp-json\/wp\/v2\/posts\/82339\/revisions\/82341"}],"wp:featuredmedia":[{"embeddable":true,"href":"https:\/\/www.actualidadadiario.com\/index.php\/wp-json\/wp\/v2\/media\/82340"}],"wp:attachment":[{"href":"https:\/\/www.actualidadadiario.com\/index.php\/wp-json\/wp\/v2\/media?parent=82339"}],"wp:term":[{"taxonomy":"category","embeddable":true,"href":"https:\/\/www.actualidadadiario.com\/index.php\/wp-json\/wp\/v2\/categories?post=82339"},{"taxonomy":"post_tag","embeddable":true,"href":"https:\/\/www.actualidadadiario.com\/index.php\/wp-json\/wp\/v2\/tags?post=82339"}],"curies":[{"name":"wp","href":"https:\/\/api.w.org\/{rel}","templated":true}]}}