{"id":82337,"date":"2022-02-10T12:54:42","date_gmt":"2022-02-10T15:54:42","guid":{"rendered":"https:\/\/www.actualidadadiario.com\/?p=82337"},"modified":"2022-02-10T12:54:42","modified_gmt":"2022-02-10T15:54:42","slug":"seguiremos-trabajando-para-que-salto-grande-sea-de-todos-los-entrerrianos-afirmo-giano","status":"publish","type":"post","link":"https:\/\/www.actualidadadiario.com\/index.php\/2022\/02\/10\/seguiremos-trabajando-para-que-salto-grande-sea-de-todos-los-entrerrianos-afirmo-giano\/","title":{"rendered":"\u201cSeguiremos trabajando para que Salto Grande sea de todos los entrerrianos\u201d, afirm\u00f3 Giano"},"content":{"rendered":"<p style=\"text-align: center;\"><em><strong>El presidente de la C\u00e1mara de Diputados de Entre R\u00edos, volvi\u00f3 a insistir en la necesidad de provincializar la represa de Salto Grande, tras las declaraciones del gobernador Gustavo Bordet en esa l\u00ednea. \u00a0Giano fue autor de la Ley de Soberan\u00eda Energ\u00e9tica que aprob\u00f3 la legislatura entrerriana y se promulg\u00f3 en 2018<\/strong><\/em><\/p>\n<p>&nbsp;<\/p>\n<p>&nbsp;<\/p>\n<p>En el marco de un encuentro de trabajo con el secretario de Energ\u00eda, Dar\u00edo Mart\u00ednez, el gobernador Gustavo Bordet se expres\u00f3 a favor de continuar con las gestiones para que Entre R\u00edos pueda tener el manejo de los excedentes de la represa de Salto Grande.<\/p>\n<p>En esa l\u00ednea, el presidente de la C\u00e1mara de Diputados asegur\u00f3 a trav\u00e9s de sus redes sociales que \u201cprovincializar la represa de Salto Grande es reafirmar nuestro derecho como due\u00f1os del r\u00edo Uruguay y de la energ\u00eda que genera\u201d.<\/p>\n<p>\u201cEl agua y la energ\u00eda son fundamentales para el desarrollo humano, social y econ\u00f3mico de nuestra provincia\u201d, dijo y confirm\u00f3 que seguir\u00e1n \u201ctrabajando para que Salto Grande sea de todos los entrerrianos\u201d.<\/p>\n","protected":false},"excerpt":{"rendered":"<p>El presidente de la C\u00e1mara de Diputados de Entre R\u00edos, volvi\u00f3 a insistir en la necesidad de provincializar la represa de Salto Grande, tras las declaraciones del gobernador Gustavo Bordet en esa l\u00ednea. \u00a0Giano fue autor de la Ley de Soberan\u00eda Energ\u00e9tica que aprob\u00f3 la legislatura entrerriana y se promulg\u00f3 en 2018 &nbsp; &nbsp; En el marco de un encuentro de trabajo con el secretario de Energ\u00eda, Dar\u00edo Mart\u00ednez, el gobernador Gustavo Bordet se expres\u00f3 a favor de continuar con las gestiones para que Entre R\u00edos pueda tener el manejo&#8230;<\/p>\n","protected":false},"author":3,"featured_media":68830,"comment_status":"closed","ping_status":"closed","sticky":false,"template":"","format":"standard","meta":[],"categories":[15],"tags":[],"_links":{"self":[{"href":"https:\/\/www.actualidadadiario.com\/index.php\/wp-json\/wp\/v2\/posts\/82337"}],"collection":[{"href":"https:\/\/www.actualidadadiario.com\/index.php\/wp-json\/wp\/v2\/posts"}],"about":[{"href":"https:\/\/www.actualidadadiario.com\/index.php\/wp-json\/wp\/v2\/types\/post"}],"author":[{"embeddable":true,"href":"https:\/\/www.actualidadadiario.com\/index.php\/wp-json\/wp\/v2\/users\/3"}],"replies":[{"embeddable":true,"href":"https:\/\/www.actualidadadiario.com\/index.php\/wp-json\/wp\/v2\/comments?post=82337"}],"version-history":[{"count":1,"href":"https:\/\/www.actualidadadiario.com\/index.php\/wp-json\/wp\/v2\/posts\/82337\/revisions"}],"predecessor-version":[{"id":82338,"href":"https:\/\/www.actualidadadiario.com\/index.php\/wp-json\/wp\/v2\/posts\/82337\/revisions\/82338"}],"wp:featuredmedia":[{"embeddable":true,"href":"https:\/\/www.actualidadadiario.com\/index.php\/wp-json\/wp\/v2\/media\/68830"}],"wp:attachment":[{"href":"https:\/\/www.actualidadadiario.com\/index.php\/wp-json\/wp\/v2\/media?parent=82337"}],"wp:term":[{"taxonomy":"category","embeddable":true,"href":"https:\/\/www.actualidadadiario.com\/index.php\/wp-json\/wp\/v2\/categories?post=82337"},{"taxonomy":"post_tag","embeddable":true,"href":"https:\/\/www.actualidadadiario.com\/index.php\/wp-json\/wp\/v2\/tags?post=82337"}],"curies":[{"name":"wp","href":"https:\/\/api.w.org\/{rel}","templated":true}]}}