{"id":82331,"date":"2022-02-10T12:52:55","date_gmt":"2022-02-10T15:52:55","guid":{"rendered":"https:\/\/www.actualidadadiario.com\/?p=82331"},"modified":"2022-02-10T12:52:55","modified_gmt":"2022-02-10T15:52:55","slug":"el-bloque-de-diputados-del-fdt-se-reunira-para-dirimir-diferencias-en-torno-al-acuerdo-con-el-fmi","status":"publish","type":"post","link":"https:\/\/www.actualidadadiario.com\/index.php\/2022\/02\/10\/el-bloque-de-diputados-del-fdt-se-reunira-para-dirimir-diferencias-en-torno-al-acuerdo-con-el-fmi\/","title":{"rendered":"El bloque de diputados del FdT se reunir\u00e1 para dirimir diferencias en torno al acuerdo con el FMI"},"content":{"rendered":"<p style=\"text-align: center;\"><em><strong>Legisladores del oficialismo buscar\u00e1n dejar en claro que si se cae el acuerdo entre el Gobierno y el organismo multilateral, eso significar\u00eda un desastre para el Frente de Todos. Hagman dijo que 30 miembros del bloque se abstendr\u00edan pero desde La C\u00e1mpora afirman que, por ahora, votar\u00edan a favor<\/strong><\/em><\/p>\n<p>&nbsp;<\/p>\n<p>&nbsp;<\/p>\n<p>&nbsp;<\/p>\n<p>Tras el temblor pol\u00edtico que caus\u00f3 la renuncia a la titularidad de la bancada del oficialismo de M\u00e1ximo Kirchner, el bloque de diputados del Frente de Todos mantendr\u00e1 la semana pr\u00f3xima una reuni\u00f3n para evaluar las posturas de sus integrantes de cara a la sesi\u00f3n en la que se tratar\u00e1 el acuerdo firmado por el Gobierno del Presidente Alberto Fern\u00e1ndez con el Fondo Monetario Internacional (FMI).<\/p>\n<p>La decisi\u00f3n de M\u00e1ximo, sumada al silencio que mantiene la vicepresidenta Cristina Fern\u00e1ndez en torno al tema, determinan que, por ahora, muchos se abstengan de manifestar qu\u00e9 postura tomar\u00e1n, a la espera de esa definici\u00f3n de la l\u00edder del espacio.<\/p>\n<p>&#8220;Hay ambiente como para hacer una reuni\u00f3n de bloque la semana que viene y una sesi\u00f3n antes de tratar el tema del acuerdo con el FMI&#8221;, se\u00f1al\u00f3 a BAE Negocios un diputado que integra el bloque del FdT, qui\u00e9n prefiri\u00f3 el off, como la mayor\u00eda por estas horas.<\/p>\n<p>&#8220;La idea es discutir el tema en el \u00e1mbito en que haya que hacerlo pero fuera del recinto, respetando el criterio de cada uno, pero teniendo en cuenta que si se cae el acuerdo ser\u00e1 un desastre y va a tener nombre y apellido, lo que ser\u00e1 complicado para todos&#8221;, advirti\u00f3 el legislador nacional.<\/p>\n<p>&#8220;Con M\u00e1ximo hemos hablado todo y medio que se comprometi\u00f3 a no hacer quilombo, y s\u00ed su postura es abstenerse, para m\u00ed es buen\u00edsimo&#8221;, indic\u00f3 el referente, que ante la consulta de si ten\u00eda precisiones del n\u00famero de sus pares que se podr\u00edan abstener a la hora de votar el acuerdo, se\u00f1al\u00f3 que ser\u00edan entre 25 y 30.<\/p>\n<p>&nbsp;<\/p>\n<p><strong>Hagman encendi\u00f3 alarmas<\/strong><\/p>\n<p>Por su parte, un d\u00eda despu\u00e9s de que dirigentes y legisladores referenciados en el albertismo salieran a anunciar, con un marcado optimismo, que ya cuentan con los votos necesarios en el Congreso para la aprobaci\u00f3n del acuerdo con el FMI, Itai Hagman fue el primer integrante de esa bancada en marcar posici\u00f3n al ratificar que unos 30 legisladores, incluido \u00e9l mismo, se abstendr\u00e1n a la hora de la votaci\u00f3n.<\/p>\n<p>El legislador se\u00f1al\u00f3 que &#8220;en el FdT va a haber unos 30 que nos vamos a abstener. No estamos en contra de hacer un acuerdo con el FMI, pero es una forma de manifestar nuestras diferencias, sin bloquearlo&#8221;.<\/p>\n<p>El dirigente de Patria Grande revel\u00f3 adem\u00e1s que la Comisi\u00f3n Bicameral de Seguimiento y Control de la Contrataci\u00f3n y Pago de la Deuda Externa le hizo &#8220;un pedido formal al Banco Central para que ampl\u00ede el informe que public\u00f3 sobre el mercado de cambios, deuda y formaci\u00f3n de activos externos entre 2015 y 2019&#8221;.<\/p>\n<p>Hagman asegur\u00f3 que todav\u00eda no accedieron a esa informaci\u00f3n &#8220;por cuestiones jur\u00eddicas&#8221;, pero cuando logren analizarla,\u00a0 podr\u00edan trazar una hoja de ruta para encontrar mecanismos para \u201crepatriar\u201d las divisas, acumular reservas, y repagar la deuda.<\/p>\n<p>El dirigente porte\u00f1o tambi\u00e9n se encarg\u00f3 de subrayar que para avanzar en esa misi\u00f3n, cuentan con el aval del presidente Alberto Fern\u00e1ndez.&#8221;S\u00ed, todos me dicen que avancemos. Tenemos luz verde para ponernos a trabajar. Hay much\u00edsima informaci\u00f3n, porque todo est\u00e1 digitalizado en el Banco Central, AFIP o la Comisi\u00f3n Nacional de Valores&#8221;, dijo Hagman quien advirti\u00f3 que ser\u00e1 &#8220;un proceso que va a llevar tiempo&#8221;.<\/p>\n<p>&nbsp;<\/p>\n<p><strong>Por ahora, en La C\u00e1mpora votar\u00edan a favor<\/strong><\/p>\n<p>Lo cierto es que la cifra de los 30 diputados que Ita\u00ed afirma que se abstendr\u00edan, abre un interrogante en torno a la postura que asumir\u00e1n otros sectores que integran la bancada que responde al Gobierno en la C\u00e1mara baja, y en especial, los diputados nacionales que pertenecen a La C\u00e1mpora, luego de que Kirchner, unos de sus principales referentes, decidiera pegar el portazo y renunciar a la titularidad del bloque.<\/p>\n<p>&#8220;Hoy, hoy, hoy, votamos a favor&#8221;, se\u00f1al\u00f3 una fuente de ese espacio consultada por este diario, la que se encarg\u00f3 de poner el \u00e9nfasis en la temporalidad de la postura que eval\u00faan por estas horas.<\/p>\n<p>El vocero indic\u00f3 que &#8220;hasta el d\u00eda de la fecha, La C\u00e1mpora, con discursos s\u00faper cr\u00edticos&#8221; tiene la postura de &#8220;apoyar el acuerdo&#8221; firmado por el Gobierno con el FMI, porque consideran que &#8220;ser\u00eda una locura que se caiga&#8221;.<\/p>\n<p>Desde que M\u00e1ximo hiciera p\u00fablica la carta de renuncia a la presidencia del bloque, el kirchnerismo duro se hab\u00eda llamado a silencio y poco a poco se empiezan a escuchar algunas voces fijando un criterio, mientras siguen evaluando la posici\u00f3n que adoptar\u00e1n en el Parlamento a la hora de tener que emitir el voto.<\/p>\n<p>Est\u00e1 claro que el silencio de la vicepresidenta Cristina Fern\u00e1ndez de Kirchner condiciona las posturas de sus legisladores afines.<\/p>\n<p>En ese contexto, el Frente de Todos en su conjunto se encuentra a la espera de la posici\u00f3n que fije la expresidenta, si es que en definitiva decide hacerlo, mientras que desde el albertismo salen a mostrar un marcado optimismo, al se\u00f1alar que cuentan con los votos suficientes para aprobar el acuerdo refrendado con el organismo multilateral.<\/p>\n","protected":false},"excerpt":{"rendered":"<p>Legisladores del oficialismo buscar\u00e1n dejar en claro que si se cae el acuerdo entre el Gobierno y el organismo multilateral, eso significar\u00eda un desastre para el Frente de Todos. Hagman dijo que 30 miembros del bloque se abstendr\u00edan pero desde La C\u00e1mpora afirman que, por ahora, votar\u00edan a favor &nbsp; &nbsp; &nbsp; Tras el temblor pol\u00edtico que caus\u00f3 la renuncia a la titularidad de la bancada del oficialismo de M\u00e1ximo Kirchner, el bloque de diputados del Frente de Todos mantendr\u00e1 la semana pr\u00f3xima una reuni\u00f3n para evaluar las posturas de&#8230;<\/p>\n","protected":false},"author":3,"featured_media":82332,"comment_status":"closed","ping_status":"closed","sticky":false,"template":"","format":"standard","meta":[],"categories":[18],"tags":[],"_links":{"self":[{"href":"https:\/\/www.actualidadadiario.com\/index.php\/wp-json\/wp\/v2\/posts\/82331"}],"collection":[{"href":"https:\/\/www.actualidadadiario.com\/index.php\/wp-json\/wp\/v2\/posts"}],"about":[{"href":"https:\/\/www.actualidadadiario.com\/index.php\/wp-json\/wp\/v2\/types\/post"}],"author":[{"embeddable":true,"href":"https:\/\/www.actualidadadiario.com\/index.php\/wp-json\/wp\/v2\/users\/3"}],"replies":[{"embeddable":true,"href":"https:\/\/www.actualidadadiario.com\/index.php\/wp-json\/wp\/v2\/comments?post=82331"}],"version-history":[{"count":1,"href":"https:\/\/www.actualidadadiario.com\/index.php\/wp-json\/wp\/v2\/posts\/82331\/revisions"}],"predecessor-version":[{"id":82333,"href":"https:\/\/www.actualidadadiario.com\/index.php\/wp-json\/wp\/v2\/posts\/82331\/revisions\/82333"}],"wp:featuredmedia":[{"embeddable":true,"href":"https:\/\/www.actualidadadiario.com\/index.php\/wp-json\/wp\/v2\/media\/82332"}],"wp:attachment":[{"href":"https:\/\/www.actualidadadiario.com\/index.php\/wp-json\/wp\/v2\/media?parent=82331"}],"wp:term":[{"taxonomy":"category","embeddable":true,"href":"https:\/\/www.actualidadadiario.com\/index.php\/wp-json\/wp\/v2\/categories?post=82331"},{"taxonomy":"post_tag","embeddable":true,"href":"https:\/\/www.actualidadadiario.com\/index.php\/wp-json\/wp\/v2\/tags?post=82331"}],"curies":[{"name":"wp","href":"https:\/\/api.w.org\/{rel}","templated":true}]}}