{"id":82329,"date":"2022-02-10T12:52:01","date_gmt":"2022-02-10T15:52:01","guid":{"rendered":"https:\/\/www.actualidadadiario.com\/?p=82329"},"modified":"2022-02-10T12:52:01","modified_gmt":"2022-02-10T15:52:01","slug":"fmi-guzman-viaja-a-una-cumbre-del-g20-y-busca-acelerar-el-acuerdo","status":"publish","type":"post","link":"https:\/\/www.actualidadadiario.com\/index.php\/2022\/02\/10\/fmi-guzman-viaja-a-una-cumbre-del-g20-y-busca-acelerar-el-acuerdo\/","title":{"rendered":"FMI: Guzm\u00e1n viaja a una cumbre del G20 y busca acelerar el acuerdo"},"content":{"rendered":"<p style=\"text-align: center;\"><em><strong>El ministro de Econom\u00eda participar\u00e1 de la cumbre de Finanzas\u00a0 del G20 en Indonesia<\/strong><\/em><\/p>\n<p>&nbsp;<\/p>\n<p>&nbsp;<\/p>\n<p>En momentos decisivos para el acuerdo con el Fondo Monetario Internacional, el ministro de Econom\u00eda Mart\u00edn Guzm\u00e1n participar\u00e1 de la cumbre de Finanzas del G20. El funcionario viajar\u00e1 a Indonesia en los pr\u00f3ximos d\u00edas y se espera que tenga encuentros bilaterales con pares de otros pa\u00edses que tienen un fuerte peso en el directorio del organismo multilateral de cr\u00e9dito. El Gobierno busca apoyo internacional para eliminar los sobrecargos en las tasas de inter\u00e9s de los pa\u00edses que est\u00e1n endeudados por encima de su cuota y tambi\u00e9n para la creaci\u00f3n de un instrumento financiero que alivie a los pa\u00edses de ingresos bajos y medios.<\/p>\n<p>Fuentes oficiales, anticiparon la presencia del Ministro en la cumbre que se realizar\u00e1 en el pa\u00eds que actualmente preside el bloque. \u201cEs un encuentro de finanzas, por eso est\u00e1 previsto que viaje Guzm\u00e1n con otros funcionarios del Ministerio de Econom\u00eda. Por ahora el canciller Santiago Cafiero no est\u00e1 con esa agenda\u201d, explicaron desde el Gobierno.<\/p>\n<p>De acuerdo a lo que informa el calendario de la p\u00e1gina oficial del G20, el lunes 14 habr\u00e1 una reuni\u00f3n del B20 que es una plataforma de di\u00e1logo entre la pol\u00edtica, las empresas y la sociedad civil. Luego, entre el martes 15 y el viernes 18, se desarrollar\u00e1n los encuentros de titulares de carteras de Finanzas y de bancos centrales, donde Argentina estar\u00e1 representada por el Ministerio de Econom\u00eda. Hasta el momento no se confirm\u00f3 la presencia de autoridades del Fondo Monetario Internacional, aunque habitualmente participan de este tipo de cumbres.<\/p>\n<p>El encuentro que se realizar\u00e1 en Yakarta, capital de Indonesia, aparece como un escenario relevante ya que el G20 est\u00e1 integrado por pa\u00edses con poder de voto en el directorio del Fondo Monetario Internacional. Entre ellos, varios de los que muestran posturas m\u00e1s fiscalistas y son reacios a los programas sin reformas estructurales, como Estados Unidos, Jap\u00f3n y Alemania, entre otros.<\/p>\n<p>En la \u00faltima reuni\u00f3n del bloque, el Gobierno consigui\u00f3 que se incluya en el documento consensuado un pedido al FMI de revisar su pol\u00edtica de sobrecargos, una causa que la administraci\u00f3n de Alberto Fern\u00e1ndez viene impulsando para aliviar la deuda de los pa\u00edses m\u00e1s comprometidos. En el caso de Argentina, podr\u00eda significar un ahorro cercano a los u$s 1.000 millones de d\u00f3lares anuales.<\/p>\n<p>Luego de anunciar un principio de entendimiento con el FMI, Guzm\u00e1n se sum\u00f3 a la primera parte de la gira presidencial. Cuando el primer mandatario parti\u00f3 hacia China, el titular del Palacio de Hacienda se qued\u00f3 en Rusia tres d\u00edas m\u00e1s. Como anticip\u00f3 \u00c1mbito, el funcionario particip\u00f3 de una serie de reuniones con integrantes del gobierno de Vladimir Putin para sellar el apoyo de ese pa\u00eds a la negociaci\u00f3n con el organismo de cr\u00e9dito.<\/p>\n<p>Pero el ministro aprovech\u00f3 tambi\u00e9n para sumar voluntades al Fondo de Resiliencia que viene solicitando Argentina en el concierto internacional, y que se activar\u00eda este a\u00f1o. La intenci\u00f3n es que un grupo de pa\u00edses con econom\u00edas m\u00e1s robustas, cedan parte de los Derechos Especiales de Giro que recibieron el a\u00f1o pasado para afrontar las consecuencias de la pandemia.<\/p>\n<p>Esos recursos se volcar\u00e1n a un Fondo de Resiliencia que servir\u00e1 para apoyar financieramente a los pa\u00edses de ingresos bajos, pero tambi\u00e9n a aquellos que tienen ingresos medios, seg\u00fan confirm\u00f3 el propio FMI semanas atr\u00e1s. Por lo que se descuenta que el Gobierno aprovechar\u00e1 la plataforma del G20 para impulsar esta pol\u00edtica global. \u201cSi se integran m\u00e1s pa\u00edses, se suman DEG, m\u00e1s all\u00e1 de la f\u00f3rmula de reparto que se utilice, habr\u00e1 m\u00e1s para dividir\u201d, sintetizan en el Ejecutivo.<\/p>\n<p>Antes de anunciar el principio de acuerdo, Mart\u00edn Guzm\u00e1n dijo en una entrevista al diario El Pa\u00eds de Espa\u00f1a que una de las trabas para avanzar en la negociaci\u00f3n era la falta de \u201cconsensos internacionales\u201d. En esa l\u00ednea, en el Gobierno todav\u00eda se\u00f1alan que el di\u00e1logo geopol\u00edtico es central para resolver la refinanciaci\u00f3n de la deuda en los mejores t\u00e9rminos posibles.<\/p>\n","protected":false},"excerpt":{"rendered":"<p>El ministro de Econom\u00eda participar\u00e1 de la cumbre de Finanzas\u00a0 del G20 en Indonesia &nbsp; &nbsp; En momentos decisivos para el acuerdo con el Fondo Monetario Internacional, el ministro de Econom\u00eda Mart\u00edn Guzm\u00e1n participar\u00e1 de la cumbre de Finanzas del G20. El funcionario viajar\u00e1 a Indonesia en los pr\u00f3ximos d\u00edas y se espera que tenga encuentros bilaterales con pares de otros pa\u00edses que tienen un fuerte peso en el directorio del organismo multilateral de cr\u00e9dito. El Gobierno busca apoyo internacional para eliminar los sobrecargos en las tasas de inter\u00e9s de&#8230;<\/p>\n","protected":false},"author":3,"featured_media":67739,"comment_status":"closed","ping_status":"closed","sticky":false,"template":"","format":"standard","meta":[],"categories":[18],"tags":[],"_links":{"self":[{"href":"https:\/\/www.actualidadadiario.com\/index.php\/wp-json\/wp\/v2\/posts\/82329"}],"collection":[{"href":"https:\/\/www.actualidadadiario.com\/index.php\/wp-json\/wp\/v2\/posts"}],"about":[{"href":"https:\/\/www.actualidadadiario.com\/index.php\/wp-json\/wp\/v2\/types\/post"}],"author":[{"embeddable":true,"href":"https:\/\/www.actualidadadiario.com\/index.php\/wp-json\/wp\/v2\/users\/3"}],"replies":[{"embeddable":true,"href":"https:\/\/www.actualidadadiario.com\/index.php\/wp-json\/wp\/v2\/comments?post=82329"}],"version-history":[{"count":1,"href":"https:\/\/www.actualidadadiario.com\/index.php\/wp-json\/wp\/v2\/posts\/82329\/revisions"}],"predecessor-version":[{"id":82330,"href":"https:\/\/www.actualidadadiario.com\/index.php\/wp-json\/wp\/v2\/posts\/82329\/revisions\/82330"}],"wp:featuredmedia":[{"embeddable":true,"href":"https:\/\/www.actualidadadiario.com\/index.php\/wp-json\/wp\/v2\/media\/67739"}],"wp:attachment":[{"href":"https:\/\/www.actualidadadiario.com\/index.php\/wp-json\/wp\/v2\/media?parent=82329"}],"wp:term":[{"taxonomy":"category","embeddable":true,"href":"https:\/\/www.actualidadadiario.com\/index.php\/wp-json\/wp\/v2\/categories?post=82329"},{"taxonomy":"post_tag","embeddable":true,"href":"https:\/\/www.actualidadadiario.com\/index.php\/wp-json\/wp\/v2\/tags?post=82329"}],"curies":[{"name":"wp","href":"https:\/\/api.w.org\/{rel}","templated":true}]}}