{"id":82326,"date":"2022-02-10T12:50:47","date_gmt":"2022-02-10T15:50:47","guid":{"rendered":"https:\/\/www.actualidadadiario.com\/?p=82326"},"modified":"2022-02-10T12:50:47","modified_gmt":"2022-02-10T15:50:47","slug":"el-macrismo-quiere-que-el-consejo-de-la-magistratura-sea-presidido-por-un-ministro-de-la-corte-suprema","status":"publish","type":"post","link":"https:\/\/www.actualidadadiario.com\/index.php\/2022\/02\/10\/el-macrismo-quiere-que-el-consejo-de-la-magistratura-sea-presidido-por-un-ministro-de-la-corte-suprema\/","title":{"rendered":"El macrismo quiere que el Consejo de la Magistratura sea presidido por un ministro de la Corte Suprema"},"content":{"rendered":"<p style=\"text-align: center;\"><em><strong>La posici\u00f3n fue manifestada en un comunicado oficial, luego de la reuni\u00f3n de Bloque Frente PRO en Diputados. Adem\u00e1s, se\u00f1alaron que &#8220;no se puede consensuar una posici\u00f3n respecto al acuerdo con el FMI hasta no conocer la letra chica&#8221;<\/strong><\/em><\/p>\n<p>&nbsp;<\/p>\n<p>&nbsp;<\/p>\n<p>El Bloque Frente PRO de diputados mantuvo ayer, un encuentro de an\u00e1lisis y debate sobre dos temas centrales de la agenda pol\u00edtica: la reforma del Consejo de la Magistratura y el acuerdo con el FMI.<\/p>\n<p>La bancada presidida por Cristian Ritondo coincidi\u00f3 por unanimidad en que es imprescindible conocer los detalles del acuerdo para consensuar una postura en el bloque y en Juntos por el Cambio.<\/p>\n<p>En un comunicado oficial, destacaron la importancia de no caer en default y de avanzar hacia un acuerdo razonable que le permita a la Argentina \u00abmantener una relaci\u00f3n madura con el mundo\u00bb.<\/p>\n<p>\u201cNadie puede decir c\u00f3mo va a votar un texto que no conoce. El acuerdo con el FMI es con 184 pa\u00edses que lo integran, es decir, se trata de un di\u00e1logo internacional que no puede estar sometido a caprichos de la pol\u00edtica interna ni de cuestiones ideol\u00f3gicas superadas\u201d, subray\u00f3 Ritondo.\u00a0 Y agreg\u00f3: \u201cQueremos que sea un pa\u00eds normal y no un Estado reh\u00e9n del relato populista que atrasa y nos hunde en la pobreza y el aislamiento\u201d.<\/p>\n<p>Por su parte, Luciano Laspina (PRO, Santa Fe) advirti\u00f3 que \u201ctodav\u00eda no conocemos la letra del acuerdo. Lo que sabemos es que no hay cambios de fondo en las principales pol\u00edticas del kirchnerismo, pero al menos le pone un freno al descontrol monetario y fiscal que viene haciendo el gobierno\u201d.<\/p>\n<p>Por su parte, el exministro de Econom\u00eda Hern\u00e1n Lacunza manifest\u00f3 que, del acuerdo, solo se conoce una hoja de ruta. \u201cPor ahora se evit\u00f3 el default, lo que es positivo, pero no alcanza. Por eso el gobierno debe presentar un plan l\u00f3gico para que lo acompa\u00f1emos\u201d.<\/p>\n<p>Respecto del Consejo de la Magistratura, hubo coincidencia para que el instituto creado por la reforma constitucional de 1994 sea presidido por el titular de la Corte Suprema de Justicia.<\/p>\n<p>El diputado Pablo Tonelli aclar\u00f3 que \u201cla soluci\u00f3n m\u00e1s republicana es que el Congreso dicte una nueva ley org\u00e1nica. Los principales puntos que debe contener la ley incluyen que la Corte, a trav\u00e9s de uno de sus miembros, integre el Consejo y lo presida, mejorar el procedimiento de los concursos y la gesti\u00f3n presupuestaria, incrementar las auditor\u00edas y controles de gesti\u00f3n del Poder Judicial\u201d.<\/p>\n<p>A su turno, el exministro de Justicia bonaerense durante la gesti\u00f3n de Mar\u00eda Eugenia Vidal, Gustavo Ferrari, sostuvo: \u201cLa conformaci\u00f3n del Consejo, por la exigencia constitucional, es el garante de la independencia judicial. Seg\u00fan como se elijan a los jueces es c\u00f3mo vamos a tener el modelo de justicia que el pa\u00eds merece y con una administraci\u00f3n l\u00f3gica hacia las necesidades de los ciudadanos\u201d.<\/p>\n<p>Participaron del encuentro denominado \u201cAgenda Parlamentaria, An\u00e1lisis y Debate\u201d,\u00a0 efectuado en el Anexo C de la Honorable C\u00e1mara de Diputados de la Naci\u00f3n, los bloques Frente PRO, Avanzar San Luis, CREO, Ahora Patria, Encuentro Federal, Producci\u00f3n y Trabajo, y Republicanos Unidos.<\/p>\n","protected":false},"excerpt":{"rendered":"<p>La posici\u00f3n fue manifestada en un comunicado oficial, luego de la reuni\u00f3n de Bloque Frente PRO en Diputados. Adem\u00e1s, se\u00f1alaron que &#8220;no se puede consensuar una posici\u00f3n respecto al acuerdo con el FMI hasta no conocer la letra chica&#8221; &nbsp; &nbsp; El Bloque Frente PRO de diputados mantuvo ayer, un encuentro de an\u00e1lisis y debate sobre dos temas centrales de la agenda pol\u00edtica: la reforma del Consejo de la Magistratura y el acuerdo con el FMI. La bancada presidida por Cristian Ritondo coincidi\u00f3 por unanimidad en que es imprescindible conocer&#8230;<\/p>\n","protected":false},"author":3,"featured_media":82327,"comment_status":"closed","ping_status":"closed","sticky":false,"template":"","format":"standard","meta":[],"categories":[18],"tags":[],"_links":{"self":[{"href":"https:\/\/www.actualidadadiario.com\/index.php\/wp-json\/wp\/v2\/posts\/82326"}],"collection":[{"href":"https:\/\/www.actualidadadiario.com\/index.php\/wp-json\/wp\/v2\/posts"}],"about":[{"href":"https:\/\/www.actualidadadiario.com\/index.php\/wp-json\/wp\/v2\/types\/post"}],"author":[{"embeddable":true,"href":"https:\/\/www.actualidadadiario.com\/index.php\/wp-json\/wp\/v2\/users\/3"}],"replies":[{"embeddable":true,"href":"https:\/\/www.actualidadadiario.com\/index.php\/wp-json\/wp\/v2\/comments?post=82326"}],"version-history":[{"count":1,"href":"https:\/\/www.actualidadadiario.com\/index.php\/wp-json\/wp\/v2\/posts\/82326\/revisions"}],"predecessor-version":[{"id":82328,"href":"https:\/\/www.actualidadadiario.com\/index.php\/wp-json\/wp\/v2\/posts\/82326\/revisions\/82328"}],"wp:featuredmedia":[{"embeddable":true,"href":"https:\/\/www.actualidadadiario.com\/index.php\/wp-json\/wp\/v2\/media\/82327"}],"wp:attachment":[{"href":"https:\/\/www.actualidadadiario.com\/index.php\/wp-json\/wp\/v2\/media?parent=82326"}],"wp:term":[{"taxonomy":"category","embeddable":true,"href":"https:\/\/www.actualidadadiario.com\/index.php\/wp-json\/wp\/v2\/categories?post=82326"},{"taxonomy":"post_tag","embeddable":true,"href":"https:\/\/www.actualidadadiario.com\/index.php\/wp-json\/wp\/v2\/tags?post=82326"}],"curies":[{"name":"wp","href":"https:\/\/api.w.org\/{rel}","templated":true}]}}