{"id":82323,"date":"2022-02-10T12:50:00","date_gmt":"2022-02-10T15:50:00","guid":{"rendered":"https:\/\/www.actualidadadiario.com\/?p=82323"},"modified":"2022-02-10T12:50:00","modified_gmt":"2022-02-10T15:50:00","slug":"massa-no-tengo-ninguna-duda-de-que-el-parlamento-va-a-aprobar-el-acuerdo-con-el-fmi","status":"publish","type":"post","link":"https:\/\/www.actualidadadiario.com\/index.php\/2022\/02\/10\/massa-no-tengo-ninguna-duda-de-que-el-parlamento-va-a-aprobar-el-acuerdo-con-el-fmi\/","title":{"rendered":"Massa: &#8220;No tengo ninguna duda de que el parlamento va a aprobar el acuerdo con el FMI&#8221;"},"content":{"rendered":"<p style=\"text-align: center;\"><em><strong>El presidente de la C\u00e1mara baja sostuvo que &#8220;en los pr\u00f3ximos d\u00edas&#8221; habr\u00e1 una votaci\u00f3n favorable al texto que env\u00ede Guzm\u00e1n<\/strong><\/em><\/p>\n<p>&nbsp;<\/p>\n<p>&nbsp;<\/p>\n<p>Sergio Massa dijo estar seguro de que el Congreso tendr\u00e1 una mayor\u00eda a favor de aprobar el acuerdo con el FMI, pese a que en el oficialismo hay un grupo ligado a M\u00e1ximo Kirchner que se resiste a acompa\u00f1ar.<\/p>\n<p>&#8220;No tengo ninguna duda de que en los pr\u00f3ximos d\u00edas el Parlamento argentino va a aprobar el acuerdo que Argentina tiene en discusi\u00f3n con el FMI&#8221;, sostuvo durante un encuentro con el Consejo Agroindustrial Argentino en el sal\u00f3n Delia Parodi de la C\u00e1mara de Diputados, al que asisti\u00f3 el ministro Juli\u00e1n Dom\u00ednguez. &#8220;Esto hace a la responsabilidad de nosotros como dirigentes, como hombres de Estado&#8221;, agreg\u00f3.<\/p>\n<p>El presidente de la C\u00e1mara baja aprovech\u00f3 para elogiar al presidente de la UCR Gerardo Morales, quien garantiz\u00f3 la ayuda de sus diputados, que junto a los de la Coalici\u00f3n garantizar\u00edan la ley a pesar de la grieta interna del oficialismo.<\/p>\n<p>&#8220;Valoro mucho la decisi\u00f3n del Presidente de poner a debate en el Parlamento el tema de la deuda, porque escuchaba a un gobernador (por Morales) decir que se hab\u00eda n enterado de la deuda de 55.000 millones de d\u00f3lares tres minutos antes&#8221;, cit\u00f3.<\/p>\n<p>Al igual que Alberto, Massa no garantiz\u00f3 unanimidad en el oficialismo, como exige el Pro para acompa\u00f1ar, pero se mostr\u00f3 confiado en que las posibles deserciones entre los suyos no ser\u00e1n decisivas por el respaldo de un sector de la oposici\u00f3n.<\/p>\n<p>&#8220;Que el Presidente blanquee la negociaci\u00f3n, la someta a debate en el Parlamento, es sano institucionalmente para la Argentina, para que a futuro las deudas pasen por el Parlamento y tengan un correlato, se vean en puentes, en desarrollo industrial, en promoci\u00f3n de sectores exportadores, para mejor el proceso de la Argentina&#8221;, celebr\u00f3 ante un foro de empresarios agropecuarios, impulsores de la ley de fomento al sector que envi\u00f3 Dom\u00ednguez y Alberto incluy\u00f3 en el temario de extraordinarias.<\/p>\n<p>&#8220;Quiero dejarles una certeza que tambi\u00e9n es una definici\u00f3n pol\u00edtica: un campo industrializado es el mejor aliado que el pa\u00eds necesita y puede tener&#8221;, asegur\u00f3 Massa.<\/p>\n<p>La ley reci\u00e9n con el detalle del acuerdo con el FMI reci\u00e9n llegar\u00eda a fin de mes o comienzos de marzo, pero a fines de ese mes deber\u00eda estar aprobada porque hay un vencimiento de 2800 millones de d\u00f3lares que el Gobierno no puede afrontar. Necesita refinanciarlo.<\/p>\n","protected":false},"excerpt":{"rendered":"<p>El presidente de la C\u00e1mara baja sostuvo que &#8220;en los pr\u00f3ximos d\u00edas&#8221; habr\u00e1 una votaci\u00f3n favorable al texto que env\u00ede Guzm\u00e1n &nbsp; &nbsp; Sergio Massa dijo estar seguro de que el Congreso tendr\u00e1 una mayor\u00eda a favor de aprobar el acuerdo con el FMI, pese a que en el oficialismo hay un grupo ligado a M\u00e1ximo Kirchner que se resiste a acompa\u00f1ar. &#8220;No tengo ninguna duda de que en los pr\u00f3ximos d\u00edas el Parlamento argentino va a aprobar el acuerdo que Argentina tiene en discusi\u00f3n con el FMI&#8221;, sostuvo durante&#8230;<\/p>\n","protected":false},"author":3,"featured_media":82324,"comment_status":"closed","ping_status":"closed","sticky":false,"template":"","format":"standard","meta":[],"categories":[18],"tags":[],"_links":{"self":[{"href":"https:\/\/www.actualidadadiario.com\/index.php\/wp-json\/wp\/v2\/posts\/82323"}],"collection":[{"href":"https:\/\/www.actualidadadiario.com\/index.php\/wp-json\/wp\/v2\/posts"}],"about":[{"href":"https:\/\/www.actualidadadiario.com\/index.php\/wp-json\/wp\/v2\/types\/post"}],"author":[{"embeddable":true,"href":"https:\/\/www.actualidadadiario.com\/index.php\/wp-json\/wp\/v2\/users\/3"}],"replies":[{"embeddable":true,"href":"https:\/\/www.actualidadadiario.com\/index.php\/wp-json\/wp\/v2\/comments?post=82323"}],"version-history":[{"count":1,"href":"https:\/\/www.actualidadadiario.com\/index.php\/wp-json\/wp\/v2\/posts\/82323\/revisions"}],"predecessor-version":[{"id":82325,"href":"https:\/\/www.actualidadadiario.com\/index.php\/wp-json\/wp\/v2\/posts\/82323\/revisions\/82325"}],"wp:featuredmedia":[{"embeddable":true,"href":"https:\/\/www.actualidadadiario.com\/index.php\/wp-json\/wp\/v2\/media\/82324"}],"wp:attachment":[{"href":"https:\/\/www.actualidadadiario.com\/index.php\/wp-json\/wp\/v2\/media?parent=82323"}],"wp:term":[{"taxonomy":"category","embeddable":true,"href":"https:\/\/www.actualidadadiario.com\/index.php\/wp-json\/wp\/v2\/categories?post=82323"},{"taxonomy":"post_tag","embeddable":true,"href":"https:\/\/www.actualidadadiario.com\/index.php\/wp-json\/wp\/v2\/tags?post=82323"}],"curies":[{"name":"wp","href":"https:\/\/api.w.org\/{rel}","templated":true}]}}