{"id":8232,"date":"2017-03-10T10:30:19","date_gmt":"2017-03-10T13:30:19","guid":{"rendered":"http:\/\/actualidadadiario.com\/site\/?p=8232"},"modified":"2017-03-10T10:30:19","modified_gmt":"2017-03-10T13:30:19","slug":"reunion-de-bordet-con-intendentes-de-cambiemos","status":"publish","type":"post","link":"https:\/\/www.actualidadadiario.com\/index.php\/2017\/03\/10\/reunion-de-bordet-con-intendentes-de-cambiemos\/","title":{"rendered":"Reuni\u00f3n de  Bordet con intendentes de Cambiemos"},"content":{"rendered":"<p><em><strong>El gobernador Gustavo Bordet, junto al vicegobernador Ad\u00e1n Bahl, a los ministros y funcionarios de las diferentes \u00e1reas de Gobierno, se reuni\u00f3 este jueves en la Casa de Gobierno con el Foro de Intendentes de Cambiemos. En el encuentro se avanz\u00f3 en temas relacionados con obras p\u00fablicas y se delinearon pautas del cr\u00e9dito internacional tomado por la provincia que es extensivo a los municipios. Tambi\u00e9n se trabaj\u00f3 en torno a las paritarias salariales que provincia y municipio llevan adelante con los gremios, entre otras cuestiones<\/strong><\/em><\/p>\n<p>&nbsp;<\/p>\n<p>&nbsp;<\/p>\n<p>&nbsp;<\/p>\n<p>&nbsp;<\/p>\n<p>&nbsp;<\/p>\n<p>&nbsp;<\/p>\n<p>Este primer encuentro del a\u00f1o con una veintena de intendentes de Cambiemos se concret\u00f3 en el Sal\u00f3n de los Gobernadores de la Casa Gris donde el gobernador, el vice y los miembros del gabinete trabajaron con los jefes comunales sobre cuestiones que son comunes a las gestiones provincial y municipales, para acordar criterios de acci\u00f3n conjunta.<\/p>\n<p>&nbsp;<\/p>\n<p>En ese marco, el mandatario y los funcionarios se refirieron a temas puntuales, como las obras p\u00fablicas, los detalles del cr\u00e9dito internacional de 350 millones de d\u00f3lares tomado por la provincia que se traslada en forma proporcional a los municipios de acuerdo a la coparticipaci\u00f3n y a la negociaci\u00f3n salarial que se est\u00e1 llevando adelante con los gremios estatales y docentes. Tambi\u00e9n se evacuaron dudas en otras inquietudes presentadas por los jefes comunales y se acord\u00f3 realizar un nuevo encuentro en el mes de abril para darle continuidad a esta forma de trabajo.<\/p>\n<p>&nbsp;<\/p>\n<p>\u201cFue una reuni\u00f3n con el Foro de Intendentes de Cambiemos, como habitualmente lo hacemos, y forma parte de una agenda de trabajo en com\u00fan que llevamos desde el inicio de gesti\u00f3n\u201d, dijo Bordet y record\u00f3 que en el mes de febrero hizo lo propio con la Liga de Intendentes Justicialistas y con el Movimiento Vecinalista.<\/p>\n<p>&nbsp;<\/p>\n<p>Inform\u00f3 que en la reuni\u00f3n con el Foro de Cambiemos se abordaron varias cuestiones. \u201cUno de temas tratados fue el cr\u00e9dito internacional que tom\u00f3 la provincia que se distribuye en un 16 por ciento en los municipios. Estuvimos viendo los tiempos, los plazos y las condiciones para que cada municipio pueda hacer uso del cr\u00e9dito en forma particular\u201d, indic\u00f3 Bordet.<\/p>\n<p>&nbsp;<\/p>\n<p>Apunt\u00f3 que tambi\u00e9n se dialog\u00f3 sobre las paritarias que las diferentes jurisdicciones llevan delante de manera respectiva con los gremios para acordar la pauta salarial. \u201cAbordamos cuestiones que son habituales en este tipo de reuniones, algunas que tienen que ver con la coyuntura que estamos pasando en esta \u00e9poca del a\u00f1o con las paritarias salariales que atraviesan tambi\u00e9n a todos los municipios entrerrianos, y temas que son particulares de cada ciudad. Pero fundamentalmente articulando pol\u00edticas p\u00fablicas, d\u00e1ndole seguimiento para encontrar un desarrollo integral en todos los municipios de Entre R\u00edos\u201d, agreg\u00f3 el mandatario.<\/p>\n<p>&nbsp;<\/p>\n<p>Por \u00faltimo, indic\u00f3 que tambi\u00e9n se habl\u00f3 sobre obras de infraestructura que lleva adelante la provincia, como las viales \u201ca las que les estamos dando continuidad y otras que est\u00e1n dentro del presupuesto provincial y que las vamos ejecutando. Entendemos que si cada uno hacemos el aporte y nos toca, podemos lograr tener un programa de desarrollo de obra p\u00fablico en cada municipio y esto es importante porque esto genera empleo y dinamiza las econom\u00edas locales.<\/p>\n<p>&nbsp;<\/p>\n<p>Por su lado, el intendente de Paran\u00e1, Sergio Varisco, se mostr\u00f3 conforme con el encuentro y dijo que, m\u00e1s all\u00e1 de las cuestiones tratadas en la ocasi\u00f3n, quedan muchos temas para seguir trabajando de manera conjunta en pr\u00f3ximos encuentros. \u201cComo sucedi\u00f3 el a\u00f1o pasado, la idea es, m\u00e1s all\u00e1 de que sea un a\u00f1o electoral, no perder la continuidad de cooperaci\u00f3n entre la Naci\u00f3n, la provincia y los municipios\u201d.<\/p>\n<p>&nbsp;<\/p>\n<p>Indic\u00f3 que se dialog\u00f3 sobre la paritaria que cada comuna lleva adelante en su jurisdicci\u00f3n, tratando de darle un marco general al tema. \u201cLa conversaci\u00f3n tiene que ver con tener un marco general, m\u00e1s all\u00e1 de las particularidades de cada municipio donde cada uno acordar\u00e1 en la paritaria con los gremios un porcentaje en un marco complicado desde lo econ\u00f3mico y de las finanzas del Estado\u201d, coment\u00f3 Varisco.<\/p>\n<p>&nbsp;<\/p>\n<p>Dijo que tambi\u00e9n se repasaron temas relacionados con obras p\u00fablicas y sobre caminos rurales \u201ccoordinando con Vialidad de la provincia los arreglos que se hacen en cada localidad,<\/p>\n<p>&nbsp;<\/p>\n<p>Por \u00faltimo, manifest\u00f3 que se trabaj\u00f3 en torno al cr\u00e9dito tomado por la provincia que ser\u00e1 distribuido en las comunas en un porcentaje equilibrado de acuerdo a los \u00edndices de copartipaci\u00f3n. \u201cEstamos en la etapa final del cr\u00e9dito que tom\u00f3 la provincia que se coparticipa a los municipios, lo que ser\u00e1 muy beneficioso porque con este monto cada municipio tendr\u00e1 recursos para equipamiento y para obras p\u00fablicas\u201d, asegur\u00f3 el intendente de la capital entrerriana.<\/p>\n","protected":false},"excerpt":{"rendered":"<p>El gobernador Gustavo Bordet, junto al vicegobernador Ad\u00e1n Bahl, a los ministros y funcionarios de las diferentes \u00e1reas de Gobierno, se reuni\u00f3 este jueves en la Casa de Gobierno con el Foro de Intendentes de Cambiemos. En el encuentro se avanz\u00f3 en temas relacionados con obras p\u00fablicas y se delinearon pautas del cr\u00e9dito internacional tomado por la provincia que es extensivo a los municipios. Tambi\u00e9n se trabaj\u00f3 en torno a las paritarias salariales que provincia y municipio llevan adelante con los gremios, entre otras cuestiones &nbsp; &nbsp; &nbsp; &nbsp; &nbsp;&#8230;<\/p>\n","protected":false},"author":3,"featured_media":8233,"comment_status":"closed","ping_status":"closed","sticky":false,"template":"","format":"standard","meta":[],"categories":[9,15],"tags":[],"_links":{"self":[{"href":"https:\/\/www.actualidadadiario.com\/index.php\/wp-json\/wp\/v2\/posts\/8232"}],"collection":[{"href":"https:\/\/www.actualidadadiario.com\/index.php\/wp-json\/wp\/v2\/posts"}],"about":[{"href":"https:\/\/www.actualidadadiario.com\/index.php\/wp-json\/wp\/v2\/types\/post"}],"author":[{"embeddable":true,"href":"https:\/\/www.actualidadadiario.com\/index.php\/wp-json\/wp\/v2\/users\/3"}],"replies":[{"embeddable":true,"href":"https:\/\/www.actualidadadiario.com\/index.php\/wp-json\/wp\/v2\/comments?post=8232"}],"version-history":[{"count":1,"href":"https:\/\/www.actualidadadiario.com\/index.php\/wp-json\/wp\/v2\/posts\/8232\/revisions"}],"predecessor-version":[{"id":8234,"href":"https:\/\/www.actualidadadiario.com\/index.php\/wp-json\/wp\/v2\/posts\/8232\/revisions\/8234"}],"wp:featuredmedia":[{"embeddable":true,"href":"https:\/\/www.actualidadadiario.com\/index.php\/wp-json\/wp\/v2\/media\/8233"}],"wp:attachment":[{"href":"https:\/\/www.actualidadadiario.com\/index.php\/wp-json\/wp\/v2\/media?parent=8232"}],"wp:term":[{"taxonomy":"category","embeddable":true,"href":"https:\/\/www.actualidadadiario.com\/index.php\/wp-json\/wp\/v2\/categories?post=8232"},{"taxonomy":"post_tag","embeddable":true,"href":"https:\/\/www.actualidadadiario.com\/index.php\/wp-json\/wp\/v2\/tags?post=8232"}],"curies":[{"name":"wp","href":"https:\/\/api.w.org\/{rel}","templated":true}]}}