{"id":82318,"date":"2022-02-10T12:48:21","date_gmt":"2022-02-10T15:48:21","guid":{"rendered":"https:\/\/www.actualidadadiario.com\/?p=82318"},"modified":"2022-02-10T12:48:21","modified_gmt":"2022-02-10T15:48:21","slug":"el-presidente-anuncia-un-aumento-para-los-jubilados","status":"publish","type":"post","link":"https:\/\/www.actualidadadiario.com\/index.php\/2022\/02\/10\/el-presidente-anuncia-un-aumento-para-los-jubilados\/","title":{"rendered":"El Presidente anuncia un aumento para los jubilados"},"content":{"rendered":"<p style=\"text-align: center;\"><em><strong>Ser\u00e1 el primer aumento del a\u00f1o, y la medida tambi\u00e9n alcanzar\u00e1 a pensionados y titulares de la Asignaci\u00f3n Universal por Hijo y Asignaci\u00f3n Universal por Embarazo<\/strong><\/em><\/p>\n<p>&nbsp;<\/p>\n<p>&nbsp;<\/p>\n<p>El presidente Alberto Fern\u00e1ndez anunciar\u00e1 este jueves un aumento para los jubilados, pensionados y titulares de la Asignaci\u00f3n Universal por Hijo (AUH) y Asignaci\u00f3n Universal por Embarazo (AUE), informaron fuentes oficiales.<\/p>\n<p>El anuncio lo har\u00e1 el Presidente, previo a cerrar en el Museo del Bicentenario una reuni\u00f3n conjunta de los Consejos Federales de Salud y de Educaci\u00f3n en la que se analizar\u00e1 el nuevo protocolo Aula Segura de cara al inicio del pr\u00f3ximo ciclo lectivo en el contexto de la pandemia de Covid-19.<\/p>\n<p>De esa forma, ser\u00e1 el primer aumento del a\u00f1o para ese sector y comenzar\u00e1 a regir desde marzo pr\u00f3ximo, acorde con lo establecido por la Ley de Movilidad.<\/p>\n","protected":false},"excerpt":{"rendered":"<p>Ser\u00e1 el primer aumento del a\u00f1o, y la medida tambi\u00e9n alcanzar\u00e1 a pensionados y titulares de la Asignaci\u00f3n Universal por Hijo y Asignaci\u00f3n Universal por Embarazo &nbsp; &nbsp; El presidente Alberto Fern\u00e1ndez anunciar\u00e1 este jueves un aumento para los jubilados, pensionados y titulares de la Asignaci\u00f3n Universal por Hijo (AUH) y Asignaci\u00f3n Universal por Embarazo (AUE), informaron fuentes oficiales. El anuncio lo har\u00e1 el Presidente, previo a cerrar en el Museo del Bicentenario una reuni\u00f3n conjunta de los Consejos Federales de Salud y de Educaci\u00f3n en la que se analizar\u00e1&#8230;<\/p>\n","protected":false},"author":3,"featured_media":82319,"comment_status":"closed","ping_status":"closed","sticky":false,"template":"","format":"standard","meta":[],"categories":[9],"tags":[],"_links":{"self":[{"href":"https:\/\/www.actualidadadiario.com\/index.php\/wp-json\/wp\/v2\/posts\/82318"}],"collection":[{"href":"https:\/\/www.actualidadadiario.com\/index.php\/wp-json\/wp\/v2\/posts"}],"about":[{"href":"https:\/\/www.actualidadadiario.com\/index.php\/wp-json\/wp\/v2\/types\/post"}],"author":[{"embeddable":true,"href":"https:\/\/www.actualidadadiario.com\/index.php\/wp-json\/wp\/v2\/users\/3"}],"replies":[{"embeddable":true,"href":"https:\/\/www.actualidadadiario.com\/index.php\/wp-json\/wp\/v2\/comments?post=82318"}],"version-history":[{"count":1,"href":"https:\/\/www.actualidadadiario.com\/index.php\/wp-json\/wp\/v2\/posts\/82318\/revisions"}],"predecessor-version":[{"id":82320,"href":"https:\/\/www.actualidadadiario.com\/index.php\/wp-json\/wp\/v2\/posts\/82318\/revisions\/82320"}],"wp:featuredmedia":[{"embeddable":true,"href":"https:\/\/www.actualidadadiario.com\/index.php\/wp-json\/wp\/v2\/media\/82319"}],"wp:attachment":[{"href":"https:\/\/www.actualidadadiario.com\/index.php\/wp-json\/wp\/v2\/media?parent=82318"}],"wp:term":[{"taxonomy":"category","embeddable":true,"href":"https:\/\/www.actualidadadiario.com\/index.php\/wp-json\/wp\/v2\/categories?post=82318"},{"taxonomy":"post_tag","embeddable":true,"href":"https:\/\/www.actualidadadiario.com\/index.php\/wp-json\/wp\/v2\/tags?post=82318"}],"curies":[{"name":"wp","href":"https:\/\/api.w.org\/{rel}","templated":true}]}}