{"id":82313,"date":"2022-02-10T12:46:58","date_gmt":"2022-02-10T15:46:58","guid":{"rendered":"https:\/\/www.actualidadadiario.com\/?p=82313"},"modified":"2022-02-10T12:47:25","modified_gmt":"2022-02-10T15:47:25","slug":"como-es-el-protocolo-aula-segura-para-la-vuelta-a-clases","status":"publish","type":"post","link":"https:\/\/www.actualidadadiario.com\/index.php\/2022\/02\/10\/como-es-el-protocolo-aula-segura-para-la-vuelta-a-clases\/","title":{"rendered":"C\u00f3mo es el protocolo Aula Segura para la vuelta a clases"},"content":{"rendered":"<p style=\"text-align: center;\"><em><strong>El Presidente Alberto Fern\u00e1ndez cierra este jueves la reuni\u00f3n de los Consejos Federales de Salud y de Educaci\u00f3n en la que se analizar\u00e1n los pilares del plan para el retorno a las aulas: asistencia cuidada, vacunaci\u00f3n, uso de barbijo, ventilaci\u00f3n, higiene y limpieza, y distancia<\/strong><\/em><\/p>\n<p>&nbsp;<\/p>\n<p>&nbsp;<\/p>\n<p>El presidente Alberto Fern\u00e1ndez participa este jueves al mediod\u00eda, en el Museo del Bicentenario de la Casa Rosada, del cierre de una reuni\u00f3n conjunta de los Consejos Federales de Salud (Cofesa) y de Educaci\u00f3n (CFE) en la que se analizar\u00e1 el nuevo protocolo Aula Segura de cara al inicio del pr\u00f3ximo ciclo lectivo en el contexto de la pandemia de coronavirus.<\/p>\n<p>El encuentro, del que participan la ministra de Salud, Carla Vizzotti; su par de Educaci\u00f3n, Jaime Perczyk, y representantes de ambas \u00e1reas de las 24 jurisdicciones del pa\u00eds, &#8220;busca definir las nuevas pautas en funci\u00f3n de los consensos alcanzados con la participaci\u00f3n de la Organizaci\u00f3n Panamericana de la Salud (OPS), Unicef, Unesco, la Sociedad Argentina de Pediatr\u00eda, la Defensor\u00eda de los Derechos de las Ni\u00f1as, Ni\u00f1os y Adolescentes, y los diferentes gremios docentes&#8221;, explicaron a trav\u00e9s de un comunicado de prensa.<\/p>\n<p>Seg\u00fan inform\u00f3 el Ministerio de Salud, la propuesta del protocolo Aula Segura para la vuelta a las clases presenciales en los niveles inicial, primario y secundario consta de seis pilares: asistencia cuidada, vacunaci\u00f3n, uso de barbijo, ventilaci\u00f3n, higiene y limpieza, y distancia.<\/p>\n<p>Las pautas definidas en las reuniones previas de ambos Consejos &#8220;buscan ser sencillas, posibles y tendientes a garantizar la presencialidad plena en condiciones de pandemia para que docentes y estudiantes puedan recuperar espacios de aprendizaje, expresi\u00f3n y disfrute&#8221;, se agreg\u00f3.<\/p>\n<p>Por \u00faltimo, se inform\u00f3 que &#8220;la implementaci\u00f3n de un nuevo protocolo es posible por el impacto del avance de la Campa\u00f1a de Vacunaci\u00f3n tanto en docentes como en ni\u00f1os y ni\u00f1as de entre 3 y 11 a\u00f1os de edad&#8221;.<\/p>\n<p>&nbsp;<\/p>\n<p><strong>&#8220;Garantizar un ciclo lectivo continuo y virtuoso&#8221;<\/strong><\/p>\n<p>El ministro de Educaci\u00f3n, Jaime Perczyk, ratific\u00f3 que se trabajar\u00e1 para &#8220;garantizar un ciclo lectivo continuo y virtuoso&#8221;, con clases presenciales y apunt\u00f3 que, adem\u00e1s de la vacunaci\u00f3n anticovid, cuando empiecen las clases &#8220;tenemos que ventilar las aulas, usar barbijo desde primer grado y lavarnos bien las manos&#8221;.<\/p>\n<p>&#8220;Queremos un ciclo continuo que sea reparador, que empiece el 2 de marzo vacunados, con libros, con notebooks y con la discusi\u00f3n salarial saldada&#8221;, afirm\u00f3 en declaraciones que realiz\u00f3 desde la Casa Rosada a canales de televisi\u00f3n de Santa Fe, Rosario y Tucum\u00e1n.<\/p>\n<p>Perczyk adelant\u00f3 que &#8220;ma\u00f1ana (por el jueves) nos reuniremos el Consejo Federal de Salud y el de Educaci\u00f3n integrado por todos los ministros de esas carteras del pa\u00eds para definir, c\u00f3mo el 2 de marzo todos los chicos y chicas estar\u00e1n aprendiendo en las aulas y los maestros ense\u00f1ando en las escuelas&#8221;.<\/p>\n<p>&#8220;La propuesta es que se cumpla un calendario de 190 d\u00edas de clases&#8221;, remarc\u00f3.<\/p>\n<p>Y, apunt\u00f3 que &#8220;la ciudad de Buenos Aires y la provincia de Mendoza empiezan el 21 pero el 2 de marzo comenzar\u00e1n en todo el pa\u00eds las escuelas con una serie de recomendaciones condensadas en un protocolo para trabajar en un ciclo lectivo cuidado, seguro y continuo&#8221;.<\/p>\n<p>Asimismo, en declaraciones que hizo por la ma\u00f1ana a radio 10, el funcionario y docente dijo que estaban &#8220;trabajando para que est\u00e9 todo listo, vamos a estar con los protocolos y recomendaciones vigentes, con la discusi\u00f3n salarial y con libros en las escuelas&#8221;.<\/p>\n<p>&#8220;Hay que vacunarse contra el Covid-19, completar el calendario de vacunas obligatorias, desde la primaria usar barbijo y usarlo bien, en espacios cerrados, lavarse permanentemente las manos y ventilar las aulas&#8221;, repas\u00f3 el ministro.<\/p>\n<p>Asimismo, record\u00f3 que el uso de barbijos &#8220;en los espacios abiertos no es obligatorio, pero puede pasar que alguno se lo quiera dejar&#8221;.<\/p>\n<p>En ese sentido, insisti\u00f3 con que el nuevo ciclo lectivo &#8220;tendr\u00e1 caracter\u00edsticas muy simples, no tiene burbujas, solo habr\u00e1 aislamiento de los chicos que sean positivos&#8221; y que ser\u00e1 de &#8220;siete d\u00edas para los vacunados y diez d\u00edas para los no vacunados&#8221;.<\/p>\n<p>Perczyk remarc\u00f3 que &#8220;se est\u00e1 llevando a cabo una campa\u00f1a de vacunaci\u00f3n muy intensa en todo el pa\u00eds que para los docentes y los j\u00f3venes arroja datos muy importantes y alentadores ya que el pueblo argentino entero ha tomado la vacunaci\u00f3n con mucho compromiso&#8221;.<\/p>\n<p>&#8220;Alentamos la vacunaci\u00f3n de hecho estamos trabajando en todas las provincias y hemos avanzado en la vacunaci\u00f3n en las escuelas y en aquellos lugares el nivel de convocatoria y de \u00e9xito es enorme&#8221;, destac\u00f3.<\/p>\n<p>Por otra parte, se\u00f1al\u00f3: &#8220;Ya tuvimos reuniones paritarias con los gremios nacionales y el Consejo Federal de Educaci\u00f3n, adem\u00e1s el gobierno nacional se comprometi\u00f3 a que los docentes recuperen poder adquisitivo y le ganen por unos puntos a la inflaci\u00f3n&#8221;.<\/p>\n<p>&#8220;Est\u00e1n previstas m\u00e1s inversiones en Educaci\u00f3n, hay una inversi\u00f3n muy grande en edificios que se est\u00e1n realizando de hecho ma\u00f1ana la Universidad Nacional de Rosario firmar\u00e1 la financiaci\u00f3n de dos edificios nuevos&#8221;, acot\u00f3 y dijo que &#8220;hubo un aporte muy importante para obras menores de infraestructuras, financiamos becas Progresar y Becas Estrat\u00e9gicas Manuel Belgrano y seguiremos trabajando en ampliar el presupuesto universitario porque creemos que son pilares para el desarrollo de la Argentina que viene&#8221;.<\/p>\n<p>El ministro resalt\u00f3 que &#8220;tenemos un sistema que es eminentemente presencial que indica que los chicos vayan todos los d\u00edas a la escuela y vamos a recuperar eso&#8221; pero &#8220;tenemos que tener la inteligencia y capacidad de incorporar la tecnolog\u00eda en la presencialidad y producir material para que la virtualidad y la educaci\u00f3n a distancia se complementen&#8221;.<\/p>\n<p>Cuando empiecen las clases, insisti\u00f3, &#8220;tenemos que vacunarnos, ventilar las aulas, usar barbijo desde primer grado y lavarnos bien las manos. Eso para que la escuela funcione y podamos ir todos los d\u00edas a la escuela para reencontrarnos con los amigos, los maestros, los profesores y reencontrarnos con el conocimiento&#8221;.<\/p>\n<p>Tras mencionar que se repartir\u00e1n &#8220;8.200.000 libros de texto, los manuales de lengua y matem\u00e1ticas para trabajar en la escuela, para aprender, para leer en la casa&#8221;, Perczyk confi\u00f3 en lograr &#8220;un a\u00f1o que sea reparador despu\u00e9s de dos a\u00f1os muy dif\u00edciles que tuvimos todos los argentinos&#8221; por la pandemia de coronavirus.<\/p>\n","protected":false},"excerpt":{"rendered":"<p>El Presidente Alberto Fern\u00e1ndez cierra este jueves la reuni\u00f3n de los Consejos Federales de Salud y de Educaci\u00f3n en la que se analizar\u00e1n los pilares del plan para el retorno a las aulas: asistencia cuidada, vacunaci\u00f3n, uso de barbijo, ventilaci\u00f3n, higiene y limpieza, y distancia &nbsp; &nbsp; El presidente Alberto Fern\u00e1ndez participa este jueves al mediod\u00eda, en el Museo del Bicentenario de la Casa Rosada, del cierre de una reuni\u00f3n conjunta de los Consejos Federales de Salud (Cofesa) y de Educaci\u00f3n (CFE) en la que se analizar\u00e1 el nuevo protocolo&#8230;<\/p>\n","protected":false},"author":3,"featured_media":82314,"comment_status":"closed","ping_status":"closed","sticky":false,"template":"","format":"standard","meta":[],"categories":[9],"tags":[],"_links":{"self":[{"href":"https:\/\/www.actualidadadiario.com\/index.php\/wp-json\/wp\/v2\/posts\/82313"}],"collection":[{"href":"https:\/\/www.actualidadadiario.com\/index.php\/wp-json\/wp\/v2\/posts"}],"about":[{"href":"https:\/\/www.actualidadadiario.com\/index.php\/wp-json\/wp\/v2\/types\/post"}],"author":[{"embeddable":true,"href":"https:\/\/www.actualidadadiario.com\/index.php\/wp-json\/wp\/v2\/users\/3"}],"replies":[{"embeddable":true,"href":"https:\/\/www.actualidadadiario.com\/index.php\/wp-json\/wp\/v2\/comments?post=82313"}],"version-history":[{"count":3,"href":"https:\/\/www.actualidadadiario.com\/index.php\/wp-json\/wp\/v2\/posts\/82313\/revisions"}],"predecessor-version":[{"id":82317,"href":"https:\/\/www.actualidadadiario.com\/index.php\/wp-json\/wp\/v2\/posts\/82313\/revisions\/82317"}],"wp:featuredmedia":[{"embeddable":true,"href":"https:\/\/www.actualidadadiario.com\/index.php\/wp-json\/wp\/v2\/media\/82314"}],"wp:attachment":[{"href":"https:\/\/www.actualidadadiario.com\/index.php\/wp-json\/wp\/v2\/media?parent=82313"}],"wp:term":[{"taxonomy":"category","embeddable":true,"href":"https:\/\/www.actualidadadiario.com\/index.php\/wp-json\/wp\/v2\/categories?post=82313"},{"taxonomy":"post_tag","embeddable":true,"href":"https:\/\/www.actualidadadiario.com\/index.php\/wp-json\/wp\/v2\/tags?post=82313"}],"curies":[{"name":"wp","href":"https:\/\/api.w.org\/{rel}","templated":true}]}}