{"id":82300,"date":"2022-02-10T12:42:34","date_gmt":"2022-02-10T15:42:34","guid":{"rendered":"https:\/\/www.actualidadadiario.com\/?p=82300"},"modified":"2022-02-10T12:42:34","modified_gmt":"2022-02-10T15:42:34","slug":"continua-la-tendencia-descendente-de-contagios-en-las-provincias","status":"publish","type":"post","link":"https:\/\/www.actualidadadiario.com\/index.php\/2022\/02\/10\/continua-la-tendencia-descendente-de-contagios-en-las-provincias\/","title":{"rendered":"Contin\u00faa la tendencia descendente de contagios en las provincias"},"content":{"rendered":"<p style=\"text-align: center;\"><em><strong>El declive en la curva de la ola generada por la variante \u00d3micron denota la importancia de la vacunaci\u00f3n y el sostenimiento de los cuidados esenciales como el uso de barbijos, la higiene y la distancia social<\/strong><\/em><\/p>\n<p>&nbsp;<\/p>\n<p>&nbsp;<\/p>\n<p>Autoridades sanitarias de distintas provincias confirmaron este mi\u00e9rcoles que se mantiene una \u201ctendencia descendente\u201d en los contagios y hospitalizaciones por coronavirus, lo que marca un declive en la curva de la ola generada por la variante Omicron, que atribuyeron a la importancia de la vacunaci\u00f3n y el sostenimiento de los cuidados esenciales como el uso de barbijos, la higiene y la distancia social.<\/p>\n<p>Seg\u00fan el reporte de este mi\u00e9rcoles de la situaci\u00f3n epidemiol\u00f3gica del Ministerio de Salud en las \u00faltimas horas se produjeron 218 decesos, treinta menos que los notificados ayer, y tambi\u00e9n se evidenci\u00f3 una baja en los contagios con 27.252 nuevos positivos contra los m\u00e1s de 32 mil informados el d\u00eda anterior.<\/p>\n<p>&nbsp;<\/p>\n<p><strong>Provincia de Buenos Aires<\/strong><\/p>\n<p>En la provincia de Buenos Aires, el ministro de Salud, Nicol\u00e1s Kreplak, resalt\u00f3 d\u00edas atr\u00e1s que \u201cest\u00e1 retrocediendo la ola de coronavirus&#8221; dado que &#8220;est\u00e1 bajando much\u00edsimo la cantidad de casos\u201d porque, explic\u00f3, &#8220;empieza a observarse que dej\u00f3 de aumentar la cantidad de internaciones y despu\u00e9s se va a ver con delay el descenso del n\u00famero de fallecidos&#8221;.<\/p>\n<p>El funcionario y m\u00e9dico sanitarista remarc\u00f3 que para evitar un eventual rebrote es &#8220;vacunaci\u00f3n, ventilaci\u00f3n y el uso adecuado de barbijos&#8221;.<\/p>\n<p>En Bah\u00eda Blanca, el director asociado de Regi\u00f3n Sanitaria I, Laureano Alimenti, resalt\u00f3 que los casos &#8220;est\u00e1n bajando en relaci\u00f3n a la semana pasada casi un 33,5% menos&#8221; y observ\u00f3 que la gran mayor\u00eda de la poblaci\u00f3n local &#8220;est\u00e1 vacunada&#8221;.<\/p>\n<p>&#8220;Hoy entender la pandemia no pasa por ver la cantidad de casos activos que tenemos sino si la letalidad o el \u00edndice de ocupaci\u00f3n de camas&#8221;, sostuvo al se\u00f1alar que en esa jurisdicci\u00f3n &#8220;tenemos 22 camas de terapia intensiva ocupadas de covid&#8221; por lo que &#8220;ha ido disminuyendo de a poquito igual esto es medio din\u00e1mico&#8221;.<\/p>\n<p>&nbsp;<\/p>\n<p><strong>C\u00f3rdoba<\/strong><\/p>\n<p>En C\u00f3rdoba, desde hace tres semanas se mantiene la tendencia en descenso los casos positivos, con reducci\u00f3n aproximada al 22% con respecto al pico m\u00e1ximo registrado hasta fines de enero, seg\u00fan los datos del Ministerio de Salud provincial.<\/p>\n<p>Los reportes oficiales tambi\u00e9n reflejan la disminuci\u00f3n de fallecimientos con promedio de 16 decesos diarios y entre las personas recuperadas, la proporci\u00f3n de altas en relaci\u00f3n con el total de casos confirmados es de 96%.<\/p>\n<p>La ocupaci\u00f3n de las camas cr\u00edticas para tratamiento Covid-19 es del 9,36% con 328 internados, de los cuales 189 (57,6%) pacientes son casos leves y 83 (25,3%) est\u00e1n en las Unidades de Terapias Intensivas (UTI) con asistencia respiratoria mec\u00e1nica.<\/p>\n<p>&nbsp;<\/p>\n<p><strong>Santa Fe<\/strong><\/p>\n<p>Santa Fe report\u00f3 2.916 nuevos casos de Covid-19 en las \u00faltimas 24 horas y las autoridades se\u00f1alaron que hay una tendencia descendente respecto a reportes anteriores.<\/p>\n<p>Del total de los casos confirmados 1.577 pertenecen a la ciudad de Rosario, aunque ninguno de los doce fallecidos pertenece a esa jurisdicci\u00f3n, y seg\u00fan el Ministerio de Salud se mantiene un n\u00famero similar a nivel provincial en comparaci\u00f3n a los reportes de la semana anterior.<\/p>\n<p>Las fuentes precisaron que hay una cifra muy alentadora en relaci\u00f3n a las \u00faltimas tres semanas, ya que la diferencia de la positividad de casos con los \u00faltimos 21 d\u00edas es del 30 por ciento e indicaron que durante los pr\u00f3ximos d\u00edas se reforzar\u00e1 la vacunaci\u00f3n infantil, de cara al inicio del a\u00f1o lectivo.<\/p>\n<p>&nbsp;<\/p>\n<p><strong>Mendoza<\/strong><\/p>\n<p>En Mendoza, el Ministerio de Salud, Desarrollo Social y Deportes inform\u00f3 anoche 936 nuevos casos positivos lo que perfor\u00f3 hacia abajo la barrera de los mil contagios diarios, guarismos que no se produc\u00edan desde final de diciembre de 2021, cuando la espiral ascendente de contagios por la tercera ola, con la variante Omicron a la cabeza, comenz\u00f3 a imponerse en la provincia.<\/p>\n<p>Corrientes tambi\u00e9n registra una reducci\u00f3n de casos y fallecimientos por Covid-19 en los \u00faltimos d\u00edas, seg\u00fan los partes de la situaci\u00f3n epidemiol\u00f3gica del Gobierno provincial que indicaron que la semana pasada los nuevos positovos rondaban entre los 750 y 830, mientras esta semana los contagios descendieron a una cifra que se ubic\u00f3 entre los 623 y 529 de este mi\u00e9rcoles.<\/p>\n<p>Respecto de los fallecimientos, el reporte inform\u00f3 seis nuevas muertes, mientras que en los \u00faltimos d\u00edas el promedio era de 7 fallecimientos diarios.<\/p>\n<p>&nbsp;<\/p>\n<p><strong>San Luis<\/strong><\/p>\n<p>En San Luis, la curva de contagio ha logrado una disminuci\u00f3n con respecto a enero, que fue el mes con m\u00e1s casos positivos diagnosticados, seg\u00fan los reportes epidemiol\u00f3gicos emitido por el comit\u00e9 de crisis.<\/p>\n<p>Otro factor que influye en la cifra es que los n\u00famero de testeos ha disminuido, ya que por criterio epidemiol\u00f3gico solo lo pueden hacer aquellas personas que presentan s\u00edntomas, explicaron fuentes sanitarias locales.<\/p>\n<p>Actualmente hay 20 personas en terapia intensiva, de las cuales 19 se encuentran en estado de gravedad con asistencia respiratoria mec\u00e1nica.<\/p>\n<p>&nbsp;<\/p>\n<p><strong>Jujuy<\/strong><\/p>\n<p>En Jujuy la curva de contagios contin\u00faa en descenso en comparaci\u00f3n con enero, una tendencia que se refleja no solo en los casos positivos sino tambi\u00e9n en cuanto a las internaciones en los hospitales, se\u00f1alaron fuentes del Ministerio de Salud provincial.<\/p>\n<p>Sebasti\u00e1n Horvath, director del Hospital Materno Infantil de Jujuy, dijo que en ese centro de salud \u201cse redujeron notablemente las internaciones, solo hay cuatro pacientes internados con covid positivo en el \u00e1rea pedi\u00e1trica y en maternidad ninguno\u201d y record\u00f3 que \u201csemanas atr\u00e1s ten\u00edamos una ocupaci\u00f3n importante, hoy la reducci\u00f3n es de hasta un 90 %\u201d.<\/p>\n<p>A mediados de enero, cuando en la provincia se confirm\u00f3 \u201cpor la evoluci\u00f3n cl\u00ednica como por los datos surgidos del Instituto Malbr\u00e1n\u201d la circulaci\u00f3n de la variante \u00f3micron, se lleg\u00f3 al pico de casi 3 mil casos, hoy el descenso es notable y promedia los 100-200 infectados diarios, a\u00f1adi\u00f3 Horvath y resalt\u00f3 \u201clos procesos de vacunaci\u00f3n\u201d para la mejora de la situaci\u00f3n epidemiol\u00f3gica.<\/p>\n<p>Adem\u00e1s, indic\u00f3, &#8220;se transita por una vacacional donde la gente no est\u00e1 concurriendo a lugares habituales y prefiere quedarse en su casa, entre una serie de condicionantes sociales que hace que esto sea as\u00ed\u201d.<\/p>\n<p>&nbsp;<\/p>\n<p><strong>Santiago del Estero<\/strong><\/p>\n<p>En Santiago del Estero, de acuerdo al \u00faltimo comunicado del COE el promedio diario de contagios en los \u00faltimos siete d\u00edas fue de 77 casos, una fuerte ca\u00edda ante los 281 casos promedio diarios de la semana anterior.<\/p>\n<p>A la vez detalla que contin\u00faa bajando la ocupaci\u00f3n de camas en las salas de terapia intensiva, ya que el porcentaje en UTI-UCI es del 65%, cuando la semana anterior fue del 70% y en camas leves y moderadas baj\u00f3 del 25 al 15%.<\/p>\n<p>&nbsp;<\/p>\n<p><strong>Chubut<\/strong><\/p>\n<p>En Chubut, el director del \u00e1rea program\u00e1tica Trelew del sistema de Salud, Eduardo Ram\u00edrez, reconoci\u00f3 que &#8220;el cuadro de casos comenz\u00f3 a descender y esto se nota claramente porque hay menos demanda en los hospitales, aunque los niveles de ocupaci\u00f3n de camas de terapia se mantiene alto&#8221;.<\/p>\n<p>La tercera ola de Covid se not\u00f3 con la escalada de casos en la \u00faltima semana del 2021, en coincidencia con las tradicionales fiestas de fin de a\u00f1o.<\/p>\n<p>El ministro de salud, Fabi\u00e1n Puratich, sostuvo que &#8220;los datos que tenemos es que la tercera ola es la que m\u00e1s contagios produjo pero con mucho menos casos de internaci\u00f3n y eso se nota en los hospitales que nunca se vieron desbordados aunque siempre demandados&#8221;.<\/p>\n<p>&nbsp;<\/p>\n<p><strong>Entre R\u00edos<\/strong><\/p>\n<p>En Entre R\u00edos, los 17 departamentos de la provincia se encuentran con un riesgo de contagiosidad considerado &#8220;alto&#8221; y, seg\u00fan fuentes de Salud, si bien la situaci\u00f3n se mantiene en crecimiento durante los \u00faltimos 30 d\u00edas, est\u00e1 lejos de los picos registrados en junio del 2021, cuando la ocupaci\u00f3n rondaba el 90% de las camas UTI.<\/p>\n<p>Actualmente, en la provincia se mantienen 104 camas libres sobre las 267 disponibles pero no todas est\u00e1n preparadas para atender a pacientes con Covid-19.<\/p>\n<p>La ministra de Salud entrerriana, Sonia Vel\u00e1zquez, afirm\u00f3 que la provincia posee &#8220;un alto nivel de cobertura&#8221; de vacunaci\u00f3n contra el Covid-19, lo que gener\u00f3 que los pacientes se mantengan &#8220;con s\u00edntomas moderados&#8221; y apunt\u00f3 que quienes requieren camas UTI son personas con &#8220;una patolog\u00eda propia de su comorbilidad preexistente&#8221;.<\/p>\n<p>Con la nueva variante \u00d3micron, esta semana &#8220;se logr\u00f3 bajar el n\u00famero de internaciones&#8221;, a pesar de registrar &#8220;m\u00e1s casos diagnosticados&#8221; que en otras \u00e9pocas de la pandemia, lo que atribuy\u00f3 al &#8220;avance de vacunaci\u00f3n&#8221; y a &#8220;la estrategia de testeos&#8221; implementada.<\/p>\n<p>&#8220;Quiz\u00e1s no se dimensiona todav\u00eda el valor de lo que &#8216;no sucedi\u00f3&#8217;, en funci\u00f3n de decisiones pol\u00edticas sanitarias oportunas, de todo el esfuerzo humano y compromiso&#8221;, concluy\u00f3.<\/p>\n<p>&nbsp;<\/p>\n<p><strong>Neuqu\u00e9n<\/strong><\/p>\n<p>En Neuqu\u00e9n, seg\u00fan el \u00faltimo parte del Comit\u00e9 de Emergencia Provincial se registraron 428 nuevos contagios, sumando un total de 5.346 positivos activos, mientras que 1.071 se recuperaron y 3 fallecieron.<\/p>\n<p>A su vez, 73 personas se encuentran internadas en terapia intensiva con Covid-19, de las cuales el 88% posee vacunaci\u00f3n incompleta o no cuenta con ninguna dosis.<\/p>\n<p>&nbsp;<\/p>\n<p><strong>Formosa<\/strong><\/p>\n<p>En Formosa, fuentes del gobierno provincial informaron este mi\u00e9rcoles el fallecimiento de tres hombres por Covid-19 y que en las \u00faltimas 24 horas se han realizado 3.155 test de vigilancia y b\u00fasqueda activa de casos, donde detectaron 688 positivos de Covid-19 (21,81% de positividad).<\/p>\n<p>&nbsp;<\/p>\n<p><strong>R\u00edo Negro<\/strong><\/p>\n<p>R\u00edo Negro tiene 6.808 contagios activos por coronavirus en la provincia, seg\u00fan el \u00faltimo parte sanitario provincial y desde que comenz\u00f3 la pandemia se ha evaluado a 347.139 personas, \u201cde los cuales el 58,35% resultaron descartadas, el 40,48% confirmadas, en este momento el 1,17% restante contin\u00faa en estudio\u201d, informaron este mi\u00e9rcoles fuentes de Salud provincial.<\/p>\n<p>A su vez, la tasa de letalidad provincial es del 1,89%, mientras que la tasa general de recuperaci\u00f3n es de 92,95%.<\/p>\n<p>Con respecto a la curva de contagios, \u201ca partir de mediados de noviembre del 2021, la curva comienza a presentar un incremento de los casos que se mantuvo hasta la segunda semana de enero de 2022 momento en el cual comienza a descender hasta la actualidad&#8221;, completaron los informantes.<\/p>\n","protected":false},"excerpt":{"rendered":"<p>El declive en la curva de la ola generada por la variante \u00d3micron denota la importancia de la vacunaci\u00f3n y el sostenimiento de los cuidados esenciales como el uso de barbijos, la higiene y la distancia social &nbsp; &nbsp; Autoridades sanitarias de distintas provincias confirmaron este mi\u00e9rcoles que se mantiene una \u201ctendencia descendente\u201d en los contagios y hospitalizaciones por coronavirus, lo que marca un declive en la curva de la ola generada por la variante Omicron, que atribuyeron a la importancia de la vacunaci\u00f3n y el sostenimiento de los cuidados&#8230;<\/p>\n","protected":false},"author":3,"featured_media":73269,"comment_status":"closed","ping_status":"closed","sticky":false,"template":"","format":"standard","meta":[],"categories":[9],"tags":[],"_links":{"self":[{"href":"https:\/\/www.actualidadadiario.com\/index.php\/wp-json\/wp\/v2\/posts\/82300"}],"collection":[{"href":"https:\/\/www.actualidadadiario.com\/index.php\/wp-json\/wp\/v2\/posts"}],"about":[{"href":"https:\/\/www.actualidadadiario.com\/index.php\/wp-json\/wp\/v2\/types\/post"}],"author":[{"embeddable":true,"href":"https:\/\/www.actualidadadiario.com\/index.php\/wp-json\/wp\/v2\/users\/3"}],"replies":[{"embeddable":true,"href":"https:\/\/www.actualidadadiario.com\/index.php\/wp-json\/wp\/v2\/comments?post=82300"}],"version-history":[{"count":1,"href":"https:\/\/www.actualidadadiario.com\/index.php\/wp-json\/wp\/v2\/posts\/82300\/revisions"}],"predecessor-version":[{"id":82301,"href":"https:\/\/www.actualidadadiario.com\/index.php\/wp-json\/wp\/v2\/posts\/82300\/revisions\/82301"}],"wp:featuredmedia":[{"embeddable":true,"href":"https:\/\/www.actualidadadiario.com\/index.php\/wp-json\/wp\/v2\/media\/73269"}],"wp:attachment":[{"href":"https:\/\/www.actualidadadiario.com\/index.php\/wp-json\/wp\/v2\/media?parent=82300"}],"wp:term":[{"taxonomy":"category","embeddable":true,"href":"https:\/\/www.actualidadadiario.com\/index.php\/wp-json\/wp\/v2\/categories?post=82300"},{"taxonomy":"post_tag","embeddable":true,"href":"https:\/\/www.actualidadadiario.com\/index.php\/wp-json\/wp\/v2\/tags?post=82300"}],"curies":[{"name":"wp","href":"https:\/\/api.w.org\/{rel}","templated":true}]}}