{"id":82294,"date":"2022-02-09T14:48:44","date_gmt":"2022-02-09T17:48:44","guid":{"rendered":"https:\/\/www.actualidadadiario.com\/?p=82294"},"modified":"2022-02-09T14:48:44","modified_gmt":"2022-02-09T17:48:44","slug":"buscamos-que-ningun-trabajador-docente-gane-por-debajo-de-la-inflacion","status":"publish","type":"post","link":"https:\/\/www.actualidadadiario.com\/index.php\/2022\/02\/09\/buscamos-que-ningun-trabajador-docente-gane-por-debajo-de-la-inflacion\/","title":{"rendered":"\u201cBuscamos que ning\u00fan trabajador docente gane por debajo de la inflaci\u00f3n\u201d"},"content":{"rendered":"<p style=\"text-align: center;\"><em><strong>El gobernador ratific\u00f3 que el 2 de marzo inicia el ciclo lectivo y expres\u00f3 que \u201cestamos trazando nuevos objetivos y este mes fijaremos la pauta salarial para que ning\u00fan trabajador docente gane por debajo de la inflaci\u00f3n\u201d<\/strong><\/em><\/p>\n<p>&nbsp;<\/p>\n<p>&nbsp;<\/p>\n<p>El gobernador de Entre R\u00edos, Gustavo Bordet, inaugur\u00f3 las V Jornadas Regionales de Educaci\u00f3n que se desarrollan en el Centro Provincial de Convenciones (CPC) de la capital entrerriana. All\u00ed el mandatario brind\u00f3 detalles sobre el inicio del ciclo lectivo.<\/p>\n<p>\u201cReforzamos el compromiso de trabajo y reconocimiento para poder emprender acciones en un a\u00f1o donde buscamos lograr la presencialidad plena\u201d, valor\u00f3 el mandatario provincial al ratificar que el inicio del ciclo lectivo ser\u00e1 el 2 de marzo e inst\u00f3 a que las clases se desarrollen con el \u201ctodo el cuidado posible y el mayor universo de toda la comunidad educativa vacunado\u201d, detall\u00f3.<\/p>\n<p>En este sentido, Bordet agreg\u00f3: \u201cEs un objetivo que compartimos con el gobierno Nacional para garantizar la continuidad del ciclo lectivo durante todo el a\u00f1o; es por ello que trabajamos mucho en materia de infraestructura escolar; reparando edificios y construyendo nuevos\u201d.<\/p>\n<p>&nbsp;<\/p>\n<p><strong>Paritaria docente<\/strong><\/p>\n<p>En esta ocasi\u00f3n el gobernador hizo referencia a la paritaria docente \u201cQueremos entablar las negociaciones con las asociaciones gremiales con quienes tuvimos instancias de di\u00e1logo, respeto y entendimiento, ya que se siempre logramos acuerdos satisfactorios\u201d; agreg\u00f3 al remarcar que \u201ceste a\u00f1o no ser\u00e1 la excepci\u00f3n; entendemos que hay un deterioro del salario por la inflaci\u00f3n, por eso recompusimos lo que faltaba para que ning\u00fan trabajador gane por debajo de la inflaci\u00f3n y este mes trazaremos la nueva pauta salarial\u201d.<\/p>\n<p>Recordemos que en la reuni\u00f3n paritaria entre el gobierno y los gremios docentes, la provincia ofreci\u00f3 un incremento del 8,9 por ciento que permite recuperar la inflaci\u00f3n de 2021. Adem\u00e1s, se acept\u00f3 la propuesta de los gremios para que ese aumento sea retroactivo a los haberes de enero de 2022. Para el a\u00f1o en curso se propuso repetir el esquema que se acord\u00f3 en la \u00faltima paritaria que consiste en aumentos porcentuales en marzo, mayo y julio, y el an\u00e1lisis de la variaci\u00f3n inflacionaria en ese \u00faltimo mes.<\/p>\n<p>Adem\u00e1s, el gobierno accedi\u00f3 al pedido de equiparar los adicionales de los directivos de escuela primaria con los de la escuela secundaria. Los representantes gremiales valoraron que la convocatoria al encuentro paritario sea en enero y el acceso del gobierno a los pedidos. Analizar\u00e1n la propuesta en sus sindicatos.<\/p>\n<p>Al finalizar, el mandatario provincial detall\u00f3 que el gobierno trabaja fuertemente para \u201cavanzar con la conectividad para la escuelas; adem\u00e1s realizamos gestiones para que el transporte llegue a todos los puntos, sobre todo en las zonas rurales\u201d.<\/p>\n","protected":false},"excerpt":{"rendered":"<p>El gobernador ratific\u00f3 que el 2 de marzo inicia el ciclo lectivo y expres\u00f3 que \u201cestamos trazando nuevos objetivos y este mes fijaremos la pauta salarial para que ning\u00fan trabajador docente gane por debajo de la inflaci\u00f3n\u201d &nbsp; &nbsp; El gobernador de Entre R\u00edos, Gustavo Bordet, inaugur\u00f3 las V Jornadas Regionales de Educaci\u00f3n que se desarrollan en el Centro Provincial de Convenciones (CPC) de la capital entrerriana. All\u00ed el mandatario brind\u00f3 detalles sobre el inicio del ciclo lectivo. \u201cReforzamos el compromiso de trabajo y reconocimiento para poder emprender acciones en&#8230;<\/p>\n","protected":false},"author":3,"featured_media":82295,"comment_status":"closed","ping_status":"closed","sticky":false,"template":"","format":"standard","meta":[],"categories":[15],"tags":[],"_links":{"self":[{"href":"https:\/\/www.actualidadadiario.com\/index.php\/wp-json\/wp\/v2\/posts\/82294"}],"collection":[{"href":"https:\/\/www.actualidadadiario.com\/index.php\/wp-json\/wp\/v2\/posts"}],"about":[{"href":"https:\/\/www.actualidadadiario.com\/index.php\/wp-json\/wp\/v2\/types\/post"}],"author":[{"embeddable":true,"href":"https:\/\/www.actualidadadiario.com\/index.php\/wp-json\/wp\/v2\/users\/3"}],"replies":[{"embeddable":true,"href":"https:\/\/www.actualidadadiario.com\/index.php\/wp-json\/wp\/v2\/comments?post=82294"}],"version-history":[{"count":1,"href":"https:\/\/www.actualidadadiario.com\/index.php\/wp-json\/wp\/v2\/posts\/82294\/revisions"}],"predecessor-version":[{"id":82296,"href":"https:\/\/www.actualidadadiario.com\/index.php\/wp-json\/wp\/v2\/posts\/82294\/revisions\/82296"}],"wp:featuredmedia":[{"embeddable":true,"href":"https:\/\/www.actualidadadiario.com\/index.php\/wp-json\/wp\/v2\/media\/82295"}],"wp:attachment":[{"href":"https:\/\/www.actualidadadiario.com\/index.php\/wp-json\/wp\/v2\/media?parent=82294"}],"wp:term":[{"taxonomy":"category","embeddable":true,"href":"https:\/\/www.actualidadadiario.com\/index.php\/wp-json\/wp\/v2\/categories?post=82294"},{"taxonomy":"post_tag","embeddable":true,"href":"https:\/\/www.actualidadadiario.com\/index.php\/wp-json\/wp\/v2\/tags?post=82294"}],"curies":[{"name":"wp","href":"https:\/\/api.w.org\/{rel}","templated":true}]}}