{"id":8229,"date":"2017-03-10T10:29:32","date_gmt":"2017-03-10T13:29:32","guid":{"rendered":"http:\/\/actualidadadiario.com\/site\/?p=8229"},"modified":"2017-03-10T10:29:32","modified_gmt":"2017-03-10T13:29:32","slug":"dos-diputados-del-pro-no-quisieron-adherir-al-paro-de-mujeres","status":"publish","type":"post","link":"https:\/\/www.actualidadadiario.com\/index.php\/2017\/03\/10\/dos-diputados-del-pro-no-quisieron-adherir-al-paro-de-mujeres\/","title":{"rendered":"Dos diputados del PRO no quisieron adherir al paro de mujeres"},"content":{"rendered":"<p><em><strong>Se llev\u00f3 a cabo este jueves, una sesi\u00f3n especial de Diputados para homenajear a distintas mujeres entrerrianas por su trayectoria y se aprovech\u00f3 la ocasi\u00f3n para formalizar la adhesi\u00f3n institucional al hist\u00f3rico Paro Internacional de Mujeres realizado este mi\u00e9rcoles en todo el pa\u00eds<\/strong><\/em><\/p>\n<p>&nbsp;<\/p>\n<p>&nbsp;<\/p>\n<p>&nbsp;<\/p>\n<p>&nbsp;<\/p>\n<p>&nbsp;<\/p>\n<p>&nbsp;<\/p>\n<p>Si bien se trata de un proyecto declarativo, marca la posici\u00f3n de los representes pol\u00edticos ante hechos trascendentales de la sociedad.<\/p>\n<p>&nbsp;<\/p>\n<p>Ante la sorpresa del recinto, los diputados de Cambiemos Mart\u00edn Anguiano y Joaqu\u00edn La Madrid, ambos de PRO, no votaron el proyecto de adhesi\u00f3n y pidieron que \u201cconstara en acta\u201d que no apoyaban.<\/p>\n<p>&nbsp;<\/p>\n<p>La C\u00e1mara de Diputados quiso manifestar un adhesi\u00f3n formal al Paro Internacional de Mujeres #8M realizado masivamente en todo el pa\u00eds en la jornada de este mi\u00e9rcoles, en la que Paran\u00e1 no fue la excepci\u00f3n. La iniciativa fue de la Banca de la Mujer, conformada por las representantes de todos los partidos y se firm\u00f3 con una foto en conjunto adhiriendo a las consignas.<\/p>\n<p>&nbsp;<\/p>\n<p>La sesi\u00f3n comenz\u00f3 primero con distintos homenajes a mujeres entrerrianas de destacada trayectoria tambi\u00e9n propuestas por las diputadas de la Banca de la Mujer. Luego de esto se trataron tres proyectos de adhesiones y declaraciones de inter\u00e9s. Uno fue la adhesi\u00f3n de la C\u00e1mara al paro.<\/p>\n<p>&nbsp;<\/p>\n<p>Los diputados La Madrid y Anguiano no solo que no adhirieron sino que pidieron a la presidencia (en ese momento ocupada por Juan Navarro) que se \u201cdejara constancia en actas\u201d de que no hab\u00edan votado.<\/p>\n<p>&nbsp;<\/p>\n<p>Ninguno de los dos fundament\u00f3 la negativa.<\/p>\n<p>&nbsp;<\/p>\n<p>La adhesi\u00f3n al Paro Internacional de Mujeres, sali\u00f3 entonces, por \u201cmayor\u00eda\u201d.<\/p>\n","protected":false},"excerpt":{"rendered":"<p>Se llev\u00f3 a cabo este jueves, una sesi\u00f3n especial de Diputados para homenajear a distintas mujeres entrerrianas por su trayectoria y se aprovech\u00f3 la ocasi\u00f3n para formalizar la adhesi\u00f3n institucional al hist\u00f3rico Paro Internacional de Mujeres realizado este mi\u00e9rcoles en todo el pa\u00eds &nbsp; &nbsp; &nbsp; &nbsp; &nbsp; &nbsp; Si bien se trata de un proyecto declarativo, marca la posici\u00f3n de los representes pol\u00edticos ante hechos trascendentales de la sociedad. &nbsp; Ante la sorpresa del recinto, los diputados de Cambiemos Mart\u00edn Anguiano y Joaqu\u00edn La Madrid, ambos de PRO, no&#8230;<\/p>\n","protected":false},"author":3,"featured_media":8230,"comment_status":"closed","ping_status":"closed","sticky":false,"template":"","format":"standard","meta":[],"categories":[15],"tags":[],"_links":{"self":[{"href":"https:\/\/www.actualidadadiario.com\/index.php\/wp-json\/wp\/v2\/posts\/8229"}],"collection":[{"href":"https:\/\/www.actualidadadiario.com\/index.php\/wp-json\/wp\/v2\/posts"}],"about":[{"href":"https:\/\/www.actualidadadiario.com\/index.php\/wp-json\/wp\/v2\/types\/post"}],"author":[{"embeddable":true,"href":"https:\/\/www.actualidadadiario.com\/index.php\/wp-json\/wp\/v2\/users\/3"}],"replies":[{"embeddable":true,"href":"https:\/\/www.actualidadadiario.com\/index.php\/wp-json\/wp\/v2\/comments?post=8229"}],"version-history":[{"count":1,"href":"https:\/\/www.actualidadadiario.com\/index.php\/wp-json\/wp\/v2\/posts\/8229\/revisions"}],"predecessor-version":[{"id":8231,"href":"https:\/\/www.actualidadadiario.com\/index.php\/wp-json\/wp\/v2\/posts\/8229\/revisions\/8231"}],"wp:featuredmedia":[{"embeddable":true,"href":"https:\/\/www.actualidadadiario.com\/index.php\/wp-json\/wp\/v2\/media\/8230"}],"wp:attachment":[{"href":"https:\/\/www.actualidadadiario.com\/index.php\/wp-json\/wp\/v2\/media?parent=8229"}],"wp:term":[{"taxonomy":"category","embeddable":true,"href":"https:\/\/www.actualidadadiario.com\/index.php\/wp-json\/wp\/v2\/categories?post=8229"},{"taxonomy":"post_tag","embeddable":true,"href":"https:\/\/www.actualidadadiario.com\/index.php\/wp-json\/wp\/v2\/tags?post=8229"}],"curies":[{"name":"wp","href":"https:\/\/api.w.org\/{rel}","templated":true}]}}