{"id":82285,"date":"2022-02-09T14:46:40","date_gmt":"2022-02-09T17:46:40","guid":{"rendered":"https:\/\/www.actualidadadiario.com\/?p=82285"},"modified":"2022-02-09T14:46:40","modified_gmt":"2022-02-09T17:46:40","slug":"bordet-voy-a-seguir-gestionando-para-que-salto-grande-sea-de-los-entrerrianos","status":"publish","type":"post","link":"https:\/\/www.actualidadadiario.com\/index.php\/2022\/02\/09\/bordet-voy-a-seguir-gestionando-para-que-salto-grande-sea-de-los-entrerrianos\/","title":{"rendered":"Bordet: \u201cVoy a seguir gestionando para que Salto Grande sea de los entrerrianos\u201d"},"content":{"rendered":"<p style=\"text-align: center;\"><em><strong>El gobernador Gustavo Bordet asegur\u00f3 que seguir\u00e1 \u201cimpulsando la iniciativa de que Salto Grande sea de los entrerrianos\u201d y resalt\u00f3 que \u201cestamos pidiendo que Entre R\u00edos pueda tener el manejo de los excedentes y de la operaci\u00f3n, esto puede generar una mejora en el costo estructural de la energ\u00eda\u201d<\/strong><\/em><\/p>\n<p>&nbsp;<\/p>\n<p>&nbsp;<\/p>\n<p>Fue en marco del encuentro de trabajo que mantuvo este martes en la sede de la Delegaci\u00f3n Argentina de Salto Grande con el secretario de Energ\u00eda, Dar\u00edo Mart\u00ednez, por videoconferencia, y presencialmente con el subsecretario de Energ\u00eda de la Naci\u00f3n, Federico Basualdo, con quien adem\u00e1s recorri\u00f3 el Complejo Hidroel\u00e9ctrico.<\/p>\n<p>Defini\u00f3 al encuentro como &#8220;muy importante porque se avanza en una agenda en com\u00fan. Venimos trabajando articuladamente, y poder hacerlo hoy en la represa en Entre R\u00edos es importante porque visualiza lo mucho que se est\u00e1 haciendo y la importancia de este complejo hidroel\u00e9ctrico&#8221;.<\/p>\n<p>\u201cVenimos planteando desde hace mucho tiempo que Salto Grande tiene que ser para los entrerrianos. Esto lo decimos siempre, a veces la oposici\u00f3n lo toma como un slogan de campa\u00f1a pero yo lo vengo diciendo desde 1997 cuando nos reunimos aqu\u00ed al pie de la represa de Salto Grande\u201d, sostuvo el mandatario y acot\u00f3 que \u201cen ese momento cuando hice el discurso manifest\u00e9 eso y 25 a\u00f1os despu\u00e9s sigo sosteniendo lo mismo y voy a seguir gestionando para que Salto<\/p>\n<p>Habl\u00f3 de &#8220;la larga lucha&#8221;, de las gestione hechas en torno a los excedentes y del acompa\u00f1amiento de ex legislador H\u00e9ctor Maya y delegados en sentido. &#8220;Hoy hemos avanzado much\u00edsimo despu\u00e9s de estar mucho tiempo sin representante de la regi\u00f3n en la delegaci\u00f3n argentina. Hoy podemos decir que los tres delegados defienden intereses de la provincia y de nuestro pa\u00eds. En ese sentido, venimos avanzando y trabajando para generar energ\u00eda limpia para todo el pa\u00eds &#8211; este es el cometido de la represa de Salto Grande-, y para lo que fue pensado en 1946 que era con un fin social, de desarrollo econ\u00f3mico y social. Esto tambi\u00e9n lo venimos haciendo con el firme compromiso en cuanto a la distribuci\u00f3n de los excedentes, que fue algo que se logr\u00f3 en esa extensa lucha, y que esos excedentes queden en la regi\u00f3n y est\u00e9n afectados a la obra p\u00fablica&#8221;, precis\u00f3.<\/p>\n<p>En ese marco, apunt\u00f3 que los fondos &#8220;son administrados por una comisi\u00f3n como es Cafesg, donde tambi\u00e9n interviene la oposici\u00f3n en el directorio para que haya claridad y transparencia en el marco de las cuentas p\u00fablicas, y que de alg\u00fan modo, genere mejor calidad de vida para todos quienes vivimos en este ocho departamentos entrerrianos donde Salto Grande tiene su zona de influencia&#8221;.<\/p>\n<p>Luego expres\u00f3 que \u201cla represa hoy est\u00e1 amortizada y como muchas otras represas pasan a ser de las provincias, estamos pidiendo que Entre R\u00edos pueda tener no s\u00f3lo el manejo de los excedentes de Salto Grande, sino tambi\u00e9n de la operaci\u00f3n y por supuesto esto puede generar una mejora en el costo estructural de la energ\u00eda. De todos modos nuestra gesti\u00f3n ha trabajado en un mismo sentido que el gobierno nacional con un congelamiento de tarifas de m\u00e1s de 18 meses. Hace 18 meses que no aumenta la luz y el incremento que se va a dar no va a exceder el 20 por ciento, lo cual est\u00e1 muy por debajo de los valores inflacionarios, muy lejos de aquel gran tarifazo que dio Macri de 1.100 por ciento de aumento en la tarifa el\u00e9ctrica\u201d.<\/p>\n<p>Tambi\u00e9n mencion\u00f3 que \u201chay un proyecto de modernizaci\u00f3n y de recambio de todos los elementos que tiene la represa, incluidas las turbinas porque hoy la represa tiene 50 a\u00f1os y esto es pensar para el futuro. En el futuro de la represa tiene que estar la provincia de Entre R\u00edos\u201d.<\/p>\n<p>&#8220;Por eso, estar hoy y recorrer la represa hoy tiene un contenido muy importante para m\u00ed. Agradecerles por lo que venimos realizando en conjunto. Es una muestra el convenio firmado y lo que tenemos previsto a futuro para trabajar en conjunto. Las grandes obras que necesita la provincia de Entre R\u00edos requieren de financiamiento nacional. El presidente Alberto Fern\u00e1ndez est\u00e1 plenamente comprometido en ese sentido, y hemos encontrado en ustedes, en la Secretar\u00eda y Subsecretar\u00eda de Energ\u00eda, todo el apoyo para trabajar en infraestructura y materia energ\u00e9tica en Entre R\u00edos. Hoy estamos ratificando una modalidad de trabajo, la voluntad de seguir trabajando por el desarrollo energ\u00e9tico de la Argentina, Entre R\u00edos y particularmente de la regi\u00f3n de Salto Grande que es tan cara a todos nuestros sentimiento&#8221;, concluy\u00f3.<\/p>\n<p>&nbsp;<\/p>\n<p><strong>Ejemplo de trabajo coordinado<\/strong><\/p>\n<p>Por su parte, el secretario de Energ\u00eda de Naci\u00f3n, Dar\u00edo Mart\u00ednez, quien estuvo v\u00eda zoom dijo que lo pone &#8220;muy contento poder estar coordinando acciones entre el gobierno Nacional y el gobierno provincial de Entre R\u00edos en Concordia&#8221;.<\/p>\n<p>&#8220;La verdad que es un verdadero ejemplo de trabajo coordinado y que da sus frutos&#8221;, resalt\u00f3.<\/p>\n<p>&#8220;Para nosotros es un d\u00eda important\u00edsimo porque vamos cumpliendo con el mandato del presidente Alberto Fern\u00e1ndez y la vice presidenta Cristina Fern\u00e1ndez, de tener un gobierno federal que vaya concretando a lo largo y ancho del pa\u00eds, en este caso en la querida provincia de Entre R\u00edos. Una provincia, adem\u00e1s, productora de energ\u00eda por lo cual bien merecido tiene que podamos trabajar en conjunto y consolidar estas obras de tal dimensi\u00f3n que se est\u00e1n anunciando&#8221;, expres\u00f3.<\/p>\n<p>Luego reiter\u00f3 su agradecimiento, &#8220;porque encontrar gobiernos provinciales y locales que se puedan coordinar el trabajo de esta manera y lograr resultados nos facilita esa tarea que nos pide Alberto y Cristina permanentemente&#8221;.<\/p>\n<p>&#8220;La argentina en expansi\u00f3n demanda m\u00e1s energ\u00eda y esa energ\u00eda tiene que llegar en cantidad y calidad a cada vecino y cada vecina viva a donde viva. Sobre todo en provincias productoras de energ\u00eda, tambi\u00e9n es un poco en conocimiento dentro de lo que establece nuestra Constituci\u00f3n a quienes son los verdaderos due\u00f1os del recurso&#8221;, sostuvo.<\/p>\n<p>Por \u00faltimo, dijo que las puertas seguir\u00e1n abiertas para seguir trabajando, y apunt\u00f3: \u201cQueda much\u00edsimo por hacer en este pa\u00eds, queda mucho por hacer en la provincia de Entre R\u00edos y vamos a estar a disposici\u00f3n\u201d, sostuvo y agreg\u00f3: \u201cLa secretaria va a seguir coordinando de la misma manera que lo venimos haciendo para lograr este excelente resultado\u201d, concluy\u00f3.<\/p>\n<p>&nbsp;<\/p>\n<p><strong>Obras para Entre R\u00edos<\/strong><\/p>\n<p>A su turno, el subsecretario Basualdo expres\u00f3 su agradecimiento al gobernador Bordet &#8220;por este recibimiento&#8221; y acot\u00f3 que Salto Grande es &#8220;una central muy importante para el sistema el\u00e9ctrico argentino y para el funcionamiento de la econom\u00eda de nuestro pa\u00eds y de Uruguay&#8221;.<\/p>\n<p>&#8220;Estoy muy contento por haber recorrido la central junto con el gobernador, con quien estuvimos repasando la agenda el\u00e9ctrica que tenemos entre Naci\u00f3n y la provincia, vinculadas a obras para la ampliaci\u00f3n del transporte de la zona norte entrerriana, proyectos que est\u00e1n enmarcados en el plan federal. Le comentaba al gobernador que hemos tomado la decisi\u00f3n desde la Secretar\u00eda, y como instrucci\u00f3n de Dar\u00edo Mart\u00ednez, de iniciar las obras m\u00e1s all\u00e1 del retraso que existe en relaci\u00f3n al financiamiento externo con que siempre cont\u00f3 ese plan. Estaremos iniciando las obras tanto en Entre R\u00edos como en el resto de las provincias que est\u00e1n en condiciones de presentar todos los proyectos. Es una buena noticia para nosotros y obviamente para todas las provincias&#8221;, concluy\u00f3.<\/p>\n<p>&nbsp;<\/p>\n<p><strong>Trabajo conjunto<\/strong><\/p>\n<p>Por su parte, el presidente de CTM, Luis Benedetto, remarc\u00f3 lo que \u201cel gobernador siempre ha manifestado que la represa de Salto Grande tiene que ser para la provincia de Entre R\u00edos\u201d, e indic\u00f3 que \u201ces un tema que se viene discutiendo hace mucho tiempo.\u201d.<\/p>\n<p>En lo que respecta a la visita del subsecretario de Energ\u00eda, apunt\u00f3: \u201cEstamos trabajando en un proceso de renovaci\u00f3n de la central que ya lo iniciamos en una primera etapa con una inversi\u00f3n de 80 millones de d\u00f3lares entre ambos pa\u00edses. Hoy estar\u00edamos gestionando la segunda etapa que es justamente las m\u00e1quinas principales que consisten en turbinas y generadores, y tambi\u00e9n en lo que son sub-estaciones. Es un financiamiento importante y esperemos poder lograrlo en un trabajo en conjunto que estamos haciendo con Uruguay\u201d, concluy\u00f3.<\/p>\n<p>&nbsp;<\/p>\n<p><strong>Importante<\/strong><\/p>\n<p>En tanto, el intendente de Concordia, Alfredo Francolini, dijo que &#8220;es muy importante esta visita porque se firma, junto al gobernador Bordet y el secretario de Energ\u00eda, un programa que es energ\u00eda segura para barrios vulnerables\u201d.<\/p>\n<p>Habl\u00f3 luego del convenio por el cual se ampliar\u00e1 y mejorar\u00e1 el ingreso a Concordia por la ruta. \u201cEs una obra importante para la ciudad, al igual que lo que se est\u00e1 haciendo con la ruta 4 -que es la ampliaci\u00f3n y modernizaci\u00f3n de esa zona-, y lo que es Vuelta de Obligado que lo est\u00e1 haciendo la provincia\u201d.<\/p>\n<p>&nbsp;<\/p>\n<p><strong>Presencias<\/strong><\/p>\n<p>Acompa\u00f1aron a Bordet, el secretario de Energ\u00eda, Dar\u00edo Mart\u00ednez -quien particip\u00f3 por videoconferencia-, y Basualdo, el intendente de Concordia, Alfredo Francolini; el presidente de la Comisi\u00f3n T\u00e9cnica Mixta (CTM), Luis Benedetto; el titular de Ente Nacional de Obras H\u00eddricas de Saneamiento (Enohsa), Enrique Cresto; la secretaria de Energ\u00eda, Silvina Guerra; el presidente de Enersa, Ramiro Caminos; el coordinador Vialidad Nacional en Entre R\u00edos, Daniel Koch; y los legisladores Armando Gay, Tomas Ledesma y Marcelo Casaretto, este \u00faltimo por videoconferencia.<\/p>\n<p>&nbsp;<\/p>\n<p><strong>La actividad<\/strong><\/p>\n<p>El temario tratado en la reuni\u00f3n que mantuvo Bordet con Basualdoincluy\u00f3 la producci\u00f3n energ\u00e9tica, el valor de la energ\u00eda que se abona a Salto Grande, el desarrollo del Proyecto Renovaci\u00f3n de Salto Grande (RSG), y programa de inversi\u00f3n para la renovaci\u00f3n integral de la Central, entre otros temas. En la jornada tambi\u00e9n se rubric\u00f3 un par de convenios con Vialidad Nacional, la Secretar\u00eda de Energ\u00eda de Naci\u00f3n y el municipio de Concordia.<\/p>\n<p>Durante la actividad, se proyect\u00f3 un video sobre la construcci\u00f3n de la represa, la cual luego se recorri\u00f3 para observar la obra que se est\u00e1 realizando.<\/p>\n<p>&nbsp;<\/p>\n<p><strong>Firma de convenios<\/strong><\/p>\n<p>En la jornada, adem\u00e1s se rubric\u00f3 un convenio entre la Municipalidad de Concordia y la Secretar\u00eda de Energ\u00eda, en el marco del Programa de Inclusi\u00f3n El\u00e9ctrica Nacional (Proninte) para la ejecuci\u00f3n de redes de suministro de energ\u00eda el\u00e9ctrica y alumbrado p\u00fablico a los barrios de Concordia.<\/p>\n<p>Tambi\u00e9n se firm\u00f3 un acta acuerdo entre Vialidad Nacional y el municipio de Concordia para el Mejoramiento de Acceso Sur a Concordia, avenida Presidente Per\u00f3n entre avenida Rucci y ruta nacional N\u00b0 14, cuyo monto estimado asciende a 117.000.000 pesos.<\/p>\n","protected":false},"excerpt":{"rendered":"<p>El gobernador Gustavo Bordet asegur\u00f3 que seguir\u00e1 \u201cimpulsando la iniciativa de que Salto Grande sea de los entrerrianos\u201d y resalt\u00f3 que \u201cestamos pidiendo que Entre R\u00edos pueda tener el manejo de los excedentes y de la operaci\u00f3n, esto puede generar una mejora en el costo estructural de la energ\u00eda\u201d &nbsp; &nbsp; Fue en marco del encuentro de trabajo que mantuvo este martes en la sede de la Delegaci\u00f3n Argentina de Salto Grande con el secretario de Energ\u00eda, Dar\u00edo Mart\u00ednez, por videoconferencia, y presencialmente con el subsecretario de Energ\u00eda de la&#8230;<\/p>\n","protected":false},"author":3,"featured_media":82286,"comment_status":"closed","ping_status":"closed","sticky":false,"template":"","format":"standard","meta":[],"categories":[9,15],"tags":[],"_links":{"self":[{"href":"https:\/\/www.actualidadadiario.com\/index.php\/wp-json\/wp\/v2\/posts\/82285"}],"collection":[{"href":"https:\/\/www.actualidadadiario.com\/index.php\/wp-json\/wp\/v2\/posts"}],"about":[{"href":"https:\/\/www.actualidadadiario.com\/index.php\/wp-json\/wp\/v2\/types\/post"}],"author":[{"embeddable":true,"href":"https:\/\/www.actualidadadiario.com\/index.php\/wp-json\/wp\/v2\/users\/3"}],"replies":[{"embeddable":true,"href":"https:\/\/www.actualidadadiario.com\/index.php\/wp-json\/wp\/v2\/comments?post=82285"}],"version-history":[{"count":1,"href":"https:\/\/www.actualidadadiario.com\/index.php\/wp-json\/wp\/v2\/posts\/82285\/revisions"}],"predecessor-version":[{"id":82287,"href":"https:\/\/www.actualidadadiario.com\/index.php\/wp-json\/wp\/v2\/posts\/82285\/revisions\/82287"}],"wp:featuredmedia":[{"embeddable":true,"href":"https:\/\/www.actualidadadiario.com\/index.php\/wp-json\/wp\/v2\/media\/82286"}],"wp:attachment":[{"href":"https:\/\/www.actualidadadiario.com\/index.php\/wp-json\/wp\/v2\/media?parent=82285"}],"wp:term":[{"taxonomy":"category","embeddable":true,"href":"https:\/\/www.actualidadadiario.com\/index.php\/wp-json\/wp\/v2\/categories?post=82285"},{"taxonomy":"post_tag","embeddable":true,"href":"https:\/\/www.actualidadadiario.com\/index.php\/wp-json\/wp\/v2\/tags?post=82285"}],"curies":[{"name":"wp","href":"https:\/\/api.w.org\/{rel}","templated":true}]}}