{"id":82283,"date":"2022-02-09T14:45:52","date_gmt":"2022-02-09T17:45:52","guid":{"rendered":"https:\/\/www.actualidadadiario.com\/?p=82283"},"modified":"2022-02-09T14:45:52","modified_gmt":"2022-02-09T17:45:52","slug":"avanza-la-aplicacion-de-dosis-de-refuerzo-en-toda-la-provincia","status":"publish","type":"post","link":"https:\/\/www.actualidadadiario.com\/index.php\/2022\/02\/09\/avanza-la-aplicacion-de-dosis-de-refuerzo-en-toda-la-provincia\/","title":{"rendered":"Avanza la aplicaci\u00f3n de dosis de refuerzo en toda la provincia"},"content":{"rendered":"<p style=\"text-align: center;\"><em><strong>Siguiendo los lineamientos del Plan Rector de Vacunaci\u00f3n que coordina el Ministerio de Salud de Entre R\u00edos, avanza la aplicaci\u00f3n de dosis de refuerzo de la vacuna contra el Covid-19. Es as\u00ed que, durante enero, m\u00e1s de 165.000 entrerrianos recibieron la dosis complementaria<\/strong><\/em><\/p>\n<p>&nbsp;<\/p>\n<p>&nbsp;<\/p>\n<p>Con el objeto de ofrecer la m\u00e1xima protecci\u00f3n a la poblaci\u00f3n ante el aumento exponencial de casos y la introducci\u00f3n de nuevas variantes con mayor transmisibilidad, se aplica la dosis de refuerzo, en dispositivos de vacunaci\u00f3n establecidos para tal fin en todo el territorio provincial, a quienes cuentan con al menos cuatro meses (120 d\u00edas) desde la colocaci\u00f3n de la \u00faltima dosis del esquema inicial. En este marco, cabe se\u00f1alar que se registraron m\u00e1s de 165.000 aplicaciones durante el primer mes del a\u00f1o.<\/p>\n<p>En principio, cabe recordar que, dado que a\u00fan hay grupos poblacionales que todav\u00eda est\u00e1n iniciando o completando esquemas primarios, la puesta en marcha de la estrategia de dosis de refuerzo (con un intervalo m\u00ednimo de 4 meses desde la \u00faltima aplicaci\u00f3n) implica un importante esfuerzo log\u00edstico para los equipos de salud.<\/p>\n<p>De acuerdo a los datos reflejados en el Registro Federal de Vacunaci\u00f3n Nominalizado, al d\u00eda 8 de febrero se hab\u00eda registrado la aplicaci\u00f3n de 166.354 dosis de refuerzo durante el mes de enero. Es importante recordar que la carga de los datos no es autom\u00e1tica (requiere una carga manual, individual y nominalizada), por lo que puede haber un desfasaje de algunos d\u00edas desde que la vacuna es aplicada hasta que la misma es asentada en el sistema e impacta en la base de datos del Nomivac. Por lo tanto, se estima que la cantidad real est\u00e1 por encima de esta cifra y se ver\u00e1 reflejada en los pr\u00f3ximos d\u00edas conforme avance la carga de datos.<\/p>\n<p>Cabe mencionar que las 10 localidades que registraron mayor cantidad de aplicaciones durante el primer mes del a\u00f1o fueron Paran\u00e1 (36.532), Concordia (19.281), Gualeguay (9.781), Gualeguaych\u00fa (7.788), Concepci\u00f3n del Uruguay (7.668), Col\u00f3n (5.752), Victoria (5.071), La Paz (4.332), Villaguay (3.933) y Crespo (3.329).<\/p>\n<p>&nbsp;<\/p>\n<p><strong>En Paran\u00e1, dosis de refuerzo sin turno<\/strong><\/p>\n<p>Por su parte, se record\u00f3 que desde el mi\u00e9rcoles 26 de enero se implement\u00f3 una nueva modalidad para que los paranaenses que ya hayan superado los cinco meses desde la colocaci\u00f3n de la segunda dosis de vacuna Covid-19 (y a\u00fan no hayan sido convocados con turno para recibir la dosis de refuerzo o no pudieron asistir), pueden presentarse de forma espont\u00e1nea para su aplicaci\u00f3n.<\/p>\n<p>De este modo, la dosis de refuerzo se aplica en los operativos que se desarrollan de lunes a viernes en el complejo Escuela Hogar (en el horario de 7:30 a 12) y en el Hospital de la Baxada (de 8 a 11).<\/p>\n<p>Asimismo, durante esta semana (los d\u00edas mi\u00e9rcoles 9, jueves 10 y viernes 11 de febrero) ambos vacunatorios desarrollar\u00e1n jornadas libres (sin turno) para los residentes de Paran\u00e1 mayores de 30 a\u00f1os que hayan cumplido 4 meses o m\u00e1s desde la segunda.<\/p>\n","protected":false},"excerpt":{"rendered":"<p>Siguiendo los lineamientos del Plan Rector de Vacunaci\u00f3n que coordina el Ministerio de Salud de Entre R\u00edos, avanza la aplicaci\u00f3n de dosis de refuerzo de la vacuna contra el Covid-19. Es as\u00ed que, durante enero, m\u00e1s de 165.000 entrerrianos recibieron la dosis complementaria &nbsp; &nbsp; Con el objeto de ofrecer la m\u00e1xima protecci\u00f3n a la poblaci\u00f3n ante el aumento exponencial de casos y la introducci\u00f3n de nuevas variantes con mayor transmisibilidad, se aplica la dosis de refuerzo, en dispositivos de vacunaci\u00f3n establecidos para tal fin en todo el territorio provincial,&#8230;<\/p>\n","protected":false},"author":3,"featured_media":77288,"comment_status":"closed","ping_status":"closed","sticky":false,"template":"","format":"standard","meta":[],"categories":[9,15],"tags":[],"_links":{"self":[{"href":"https:\/\/www.actualidadadiario.com\/index.php\/wp-json\/wp\/v2\/posts\/82283"}],"collection":[{"href":"https:\/\/www.actualidadadiario.com\/index.php\/wp-json\/wp\/v2\/posts"}],"about":[{"href":"https:\/\/www.actualidadadiario.com\/index.php\/wp-json\/wp\/v2\/types\/post"}],"author":[{"embeddable":true,"href":"https:\/\/www.actualidadadiario.com\/index.php\/wp-json\/wp\/v2\/users\/3"}],"replies":[{"embeddable":true,"href":"https:\/\/www.actualidadadiario.com\/index.php\/wp-json\/wp\/v2\/comments?post=82283"}],"version-history":[{"count":1,"href":"https:\/\/www.actualidadadiario.com\/index.php\/wp-json\/wp\/v2\/posts\/82283\/revisions"}],"predecessor-version":[{"id":82284,"href":"https:\/\/www.actualidadadiario.com\/index.php\/wp-json\/wp\/v2\/posts\/82283\/revisions\/82284"}],"wp:featuredmedia":[{"embeddable":true,"href":"https:\/\/www.actualidadadiario.com\/index.php\/wp-json\/wp\/v2\/media\/77288"}],"wp:attachment":[{"href":"https:\/\/www.actualidadadiario.com\/index.php\/wp-json\/wp\/v2\/media?parent=82283"}],"wp:term":[{"taxonomy":"category","embeddable":true,"href":"https:\/\/www.actualidadadiario.com\/index.php\/wp-json\/wp\/v2\/categories?post=82283"},{"taxonomy":"post_tag","embeddable":true,"href":"https:\/\/www.actualidadadiario.com\/index.php\/wp-json\/wp\/v2\/tags?post=82283"}],"curies":[{"name":"wp","href":"https:\/\/api.w.org\/{rel}","templated":true}]}}